{"id":50895,"date":"2015-10-29T14:49:31","date_gmt":"2015-10-29T11:49:31","guid":{"rendered":"http:\/\/www.sana.sy\/tr\/?p=50895"},"modified":"2015-10-29T14:49:31","modified_gmt":"2015-10-29T11:49:31","slug":"enformasyon-bakani-omran-el-zoubi-suudi-arabistan-rejimi-disisleri-bakani-cbeyrin-aciklamalarina-cevabinda-elini-suriyelilerin-iraklilarin-ve-yemenlilerin-kanlarina-bulayanlarin-tarih-boyun","status":"publish","type":"post","link":"https:\/\/archive.sana.sy\/tr\/?p=50895","title":{"rendered":"Enformasyon Bakan\u0131 Omran el Zoubi Suudi Arabistan rejimi d\u0131\u015fi\u015fleri bakan\u0131 Cbeyr\u2019in a\u00e7\u0131klamalar\u0131na cevab\u0131nda; elini Suriyelilerin, Irakl\u0131lar\u0131n ve Yemenlilerin kanlar\u0131na bulayanlar\u0131n tarih boyunca h\u00fcr ve egemen olan, b\u00f6yle de kalmaya devam edecek bir devletin i\u00e7i\u015flerinden s\u00f6z etmesinin b\u00fcy\u00fck bir ar oldu\u011funu belirtti"},"content":{"rendered":"<p>Enformasyon Bakan\u0131 Omran el Zoubi Suudi Arabistan rejimi d\u0131\u015fi\u015fleri bakan\u0131 Cbeyr\u2019in a\u00e7\u0131klamalar\u0131na cevab\u0131nda; elini Suriyelilerin, Irakl\u0131lar\u0131n ve Yemenlilerin kanlar\u0131na bulayanlar\u0131n tarih boyunca h\u00fcr ve egemen olan, b\u00f6yle de kalmaya devam edecek bir devletin i\u00e7i\u015flerinden s\u00f6z etmesinin b\u00fcy\u00fck bir ar oldu\u011funu belirtti<\/p>\n","protected":false},"excerpt":{"rendered":"<p>Enformasyon Bakan\u0131 Omran el Zoubi Suudi Arabistan rejimi d\u0131\u015fi\u015fleri bakan\u0131 Cbeyr\u2019in a\u00e7\u0131klamalar\u0131na cevab\u0131nda; elini Suriyelilerin, Irakl\u0131lar\u0131n ve Yemenlilerin kanlar\u0131na bulayanlar\u0131n tarih boyunca h\u00fcr ve egemen olan, b\u00f6yle de kalmaya devam edecek bir devletin i\u00e7i\u015flerinden s\u00f6z etmesinin b\u00fcy\u00fck bir ar oldu\u011funu belirtti<\/p>\n","protected":false},"author":1,"featured_media":0,"comment_status":"closed","ping_status":"closed","sticky":false,"template":"","format":"standard","meta":{"footnotes":""},"categories":[1],"tags":[],"class_list":["post-50895","post","type-post","status-publish","format-standard","","category-news-not-sorted"],"_links":{"self":[{"href":"https:\/\/archive.sana.sy\/tr\/index.php?rest_route=\/wp\/v2\/posts\/50895","targetHints":{"allow":["GET"]}}],"collection":[{"href":"https:\/\/archive.sana.sy\/tr\/index.php?rest_route=\/wp\/v2\/posts"}],"about":[{"href":"https:\/\/archive.sana.sy\/tr\/index.php?rest_route=\/wp\/v2\/types\/post"}],"author":[{"embeddable":true,"href":"https:\/\/archive.sana.sy\/tr\/index.php?rest_route=\/wp\/v2\/users\/1"}],"replies":[{"embeddable":true,"href":"https:\/\/archive.sana.sy\/tr\/index.php?rest_route=%2Fwp%2Fv2%2Fcomments&post=50895"}],"version-history":[{"count":0,"href":"https:\/\/archive.sana.sy\/tr\/index.php?rest_route=\/wp\/v2\/posts\/50895\/revisions"}],"wp:attachment":[{"href":"https:\/\/archive.sana.sy\/tr\/index.php?rest_route=%2Fwp%2Fv2%2Fmedia&parent=50895"}],"wp:term":[{"taxonomy":"category","embeddable":true,"href":"https:\/\/archive.sana.sy\/tr\/index.php?rest_route=%2Fwp%2Fv2%2Fcategories&post=50895"},{"taxonomy":"post_tag","embeddable":true,"href":"https:\/\/archive.sana.sy\/tr\/index.php?rest_route=%2Fwp%2Fv2%2Ftags&post=50895"}],"curies":[{"name":"wp","href":"https:\/\/api.w.org\/{rel}","templated":true}]}}