{"id":50897,"date":"2015-10-29T14:55:17","date_gmt":"2015-10-29T11:55:17","guid":{"rendered":"http:\/\/www.sana.sy\/tr\/?p=50897"},"modified":"2015-10-29T14:53:46","modified_gmt":"2015-10-29T11:53:46","slug":"zoubi-bugun-yaptigi-aciklamada-suriyenin-ulusal-bagimsiz-kararinda-hur-ve-egemen-kalacagini-suriyenin-geleceginin-de-sadece-ve-sadece-halkinin-hur-iradesiyle-belirleneceginin-altini-cizdi","status":"publish","type":"post","link":"https:\/\/archive.sana.sy\/tr\/?p=50897","title":{"rendered":"Zoubi bug\u00fcn yapt\u0131\u011f\u0131 a\u00e7\u0131klamada Suriye&#8217;nin ulusal ba\u011f\u0131ms\u0131z karar\u0131nda h\u00fcr ve egemen kalaca\u011f\u0131n\u0131; Suriye&#8217;nin gelece\u011finin de sadece ve sadece halk\u0131n\u0131n h\u00fcr iradesiyle belirlenece\u011finin alt\u0131n\u0131 \u00e7izdi."},"content":{"rendered":"<p>Zoubi bug\u00fcn yapt\u0131\u011f\u0131 a\u00e7\u0131klamada Suriye&#8217;nin ulusal ba\u011f\u0131ms\u0131z karar\u0131nda h\u00fcr ve egemen kalaca\u011f\u0131n\u0131; Suriye&#8217;nin gelece\u011finin de sadece ve sadece halk\u0131n\u0131n h\u00fcr iradesiyle belirlenece\u011finin alt\u0131n\u0131 \u00e7izdi.<\/p>\n","protected":false},"excerpt":{"rendered":"<p>Zoubi bug\u00fcn yapt\u0131\u011f\u0131 a\u00e7\u0131klamada Suriye&#8217;nin ulusal ba\u011f\u0131ms\u0131z karar\u0131nda h\u00fcr ve egemen kalaca\u011f\u0131n\u0131; Suriye&#8217;nin gelece\u011finin de sadece ve sadece halk\u0131n\u0131n h\u00fcr iradesiyle belirlenece\u011finin alt\u0131n\u0131 \u00e7izdi.<\/p>\n","protected":false},"author":1,"featured_media":0,"comment_status":"closed","ping_status":"closed","sticky":false,"template":"","format":"standard","meta":{"footnotes":""},"categories":[1],"tags":[],"class_list":["post-50897","post","type-post","status-publish","format-standard","","category-news-not-sorted"],"_links":{"self":[{"href":"https:\/\/archive.sana.sy\/tr\/index.php?rest_route=\/wp\/v2\/posts\/50897","targetHints":{"allow":["GET"]}}],"collection":[{"href":"https:\/\/archive.sana.sy\/tr\/index.php?rest_route=\/wp\/v2\/posts"}],"about":[{"href":"https:\/\/archive.sana.sy\/tr\/index.php?rest_route=\/wp\/v2\/types\/post"}],"author":[{"embeddable":true,"href":"https:\/\/archive.sana.sy\/tr\/index.php?rest_route=\/wp\/v2\/users\/1"}],"replies":[{"embeddable":true,"href":"https:\/\/archive.sana.sy\/tr\/index.php?rest_route=%2Fwp%2Fv2%2Fcomments&post=50897"}],"version-history":[{"count":0,"href":"https:\/\/archive.sana.sy\/tr\/index.php?rest_route=\/wp\/v2\/posts\/50897\/revisions"}],"wp:attachment":[{"href":"https:\/\/archive.sana.sy\/tr\/index.php?rest_route=%2Fwp%2Fv2%2Fmedia&parent=50897"}],"wp:term":[{"taxonomy":"category","embeddable":true,"href":"https:\/\/archive.sana.sy\/tr\/index.php?rest_route=%2Fwp%2Fv2%2Fcategories&post=50897"},{"taxonomy":"post_tag","embeddable":true,"href":"https:\/\/archive.sana.sy\/tr\/index.php?rest_route=%2Fwp%2Fv2%2Ftags&post=50897"}],"curies":[{"name":"wp","href":"https:\/\/api.w.org\/{rel}","templated":true}]}}