{"id":50901,"date":"2015-10-29T15:15:59","date_gmt":"2015-10-29T12:15:59","guid":{"rendered":"http:\/\/www.sana.sy\/tr\/?p=50901"},"modified":"2015-10-29T14:58:06","modified_gmt":"2015-10-29T11:58:06","slug":"bakan-zoubi-politika-ve-diplomasiden-hicbir-sey-anlamayanlarin-ulkelerini-isleri-olmayan-meselelere-bulastirmalari-yerine-sessiz-kalmalari-gerektigini-soyledi-suriyeye-camur-atmanin-cubeyr-ve-benz","status":"publish","type":"post","link":"https:\/\/archive.sana.sy\/tr\/?p=50901","title":{"rendered":"Bakan Zoubi politika ve diplomasiden hi\u00e7bir \u015fey anlamayanlar\u0131n, \u00fclkelerini i\u015fleri olmayan meselelere bula\u015ft\u0131rmalar\u0131 yerine sessiz kalmalar\u0131 gerekti\u011fini s\u00f6yledi. Suriye&#8217;ye \u00e7amur atman\u0131n Cubeyr ve benzerlerinden politikada bir isim ya da rakam yaratmayaca\u011f\u0131n\u0131 ifade eden Zoubi; Cubeyr\u2019in her zaman hayal kurdu\u011fundan daha k\u00fc\u00e7\u00fck kalaca\u011f\u0131n\u0131 ifade etti."},"content":{"rendered":"<p>Bakan Zoubi politika ve diplomasiden hi\u00e7bir \u015fey anlamayanlar\u0131n, \u00fclkelerini i\u015fleri olmayan meselelere bula\u015ft\u0131rmalar\u0131 yerine sessiz kalmalar\u0131 gerekti\u011fini s\u00f6yledi. Suriye&#8217;ye \u00e7amur atman\u0131n Cubeyr ve benzerlerinden politikada bir isim ya da rakam yaratmayaca\u011f\u0131n\u0131 ifade eden Zoubi; Cubeyr\u2019in her zaman hayal kurdu\u011fundan daha k\u00fc\u00e7\u00fck kalaca\u011f\u0131n\u0131 ifade etti.<\/p>\n","protected":false},"excerpt":{"rendered":"<p>Bakan Zoubi politika ve diplomasiden hi\u00e7bir \u015fey anlamayanlar\u0131n, \u00fclkelerini i\u015fleri olmayan meselelere bula\u015ft\u0131rmalar\u0131 yerine sessiz kalmalar\u0131 gerekti\u011fini s\u00f6yledi. Suriye&#8217;ye \u00e7amur atman\u0131n Cubeyr ve benzerlerinden politikada bir isim ya da rakam yaratmayaca\u011f\u0131n\u0131 ifade eden Zoubi; Cubeyr\u2019in her zaman hayal kurdu\u011fundan daha k\u00fc\u00e7\u00fck kalaca\u011f\u0131n\u0131 ifade etti.<\/p>\n","protected":false},"author":1,"featured_media":0,"comment_status":"closed","ping_status":"closed","sticky":false,"template":"","format":"standard","meta":{"footnotes":""},"categories":[1],"tags":[],"class_list":["post-50901","post","type-post","status-publish","format-standard","","category-news-not-sorted"],"_links":{"self":[{"href":"https:\/\/archive.sana.sy\/tr\/index.php?rest_route=\/wp\/v2\/posts\/50901","targetHints":{"allow":["GET"]}}],"collection":[{"href":"https:\/\/archive.sana.sy\/tr\/index.php?rest_route=\/wp\/v2\/posts"}],"about":[{"href":"https:\/\/archive.sana.sy\/tr\/index.php?rest_route=\/wp\/v2\/types\/post"}],"author":[{"embeddable":true,"href":"https:\/\/archive.sana.sy\/tr\/index.php?rest_route=\/wp\/v2\/users\/1"}],"replies":[{"embeddable":true,"href":"https:\/\/archive.sana.sy\/tr\/index.php?rest_route=%2Fwp%2Fv2%2Fcomments&post=50901"}],"version-history":[{"count":0,"href":"https:\/\/archive.sana.sy\/tr\/index.php?rest_route=\/wp\/v2\/posts\/50901\/revisions"}],"wp:attachment":[{"href":"https:\/\/archive.sana.sy\/tr\/index.php?rest_route=%2Fwp%2Fv2%2Fmedia&parent=50901"}],"wp:term":[{"taxonomy":"category","embeddable":true,"href":"https:\/\/archive.sana.sy\/tr\/index.php?rest_route=%2Fwp%2Fv2%2Fcategories&post=50901"},{"taxonomy":"post_tag","embeddable":true,"href":"https:\/\/archive.sana.sy\/tr\/index.php?rest_route=%2Fwp%2Fv2%2Ftags&post=50901"}],"curies":[{"name":"wp","href":"https:\/\/api.w.org\/{rel}","templated":true}]}}