{"id":50908,"date":"2015-10-29T15:34:36","date_gmt":"2015-10-29T12:34:36","guid":{"rendered":"http:\/\/www.sana.sy\/tr\/?p=50908"},"modified":"2015-10-29T15:34:36","modified_gmt":"2015-10-29T12:34:36","slug":"rusya-disisleri-bakanligi-resmi-sozcusu-maria-zakharova-suudi-arabistan-disisleri-bakani-adil-el-cubeyrin-aciklamalarini-yapici-olmayan-ugursuz-aciklamalar-olarak-nitelendir","status":"publish","type":"post","link":"https:\/\/archive.sana.sy\/tr\/?p=50908","title":{"rendered":"Rusya D\u0131\u015fi\u015fleri Bakanl\u0131\u011f\u0131 resmi s\u00f6zc\u00fcs\u00fc Maria Zakharova Suudi Arabistan D\u0131\u015fi\u015fleri Bakan\u0131 Adil el Cubeyr\u2019in a\u00e7\u0131klamalar\u0131n\u0131 \u2018yap\u0131c\u0131 olmayan u\u011fursuz a\u00e7\u0131klamalar\u2019 olarak nitelendirerek; yap\u0131lmas\u0131 gerekenin, Viyana\u2019da d\u00fczenlenecek g\u00f6r\u00fc\u015fmelerin ba\u015far\u0131l\u0131 olmas\u0131na \u00e7aba sarf etmek oldu\u011funu belirtti."},"content":{"rendered":"<p>Rusya D\u0131\u015fi\u015fleri Bakanl\u0131\u011f\u0131 resmi s\u00f6zc\u00fcs\u00fc Maria Zakharova Suudi Arabistan D\u0131\u015fi\u015fleri Bakan\u0131 Adil el Cubeyr\u2019in a\u00e7\u0131klamalar\u0131n\u0131 \u2018yap\u0131c\u0131 olmayan u\u011fursuz a\u00e7\u0131klamalar\u2019 olarak nitelendirerek; yap\u0131lmas\u0131 gerekenin, Viyana\u2019da d\u00fczenlenecek g\u00f6r\u00fc\u015fmelerin ba\u015far\u0131l\u0131 olmas\u0131na \u00e7aba sarf etmek oldu\u011funu belirtti.<\/p>\n","protected":false},"excerpt":{"rendered":"<p>Rusya D\u0131\u015fi\u015fleri Bakanl\u0131\u011f\u0131 resmi s\u00f6zc\u00fcs\u00fc Maria Zakharova Suudi Arabistan D\u0131\u015fi\u015fleri Bakan\u0131 Adil el Cubeyr\u2019in a\u00e7\u0131klamalar\u0131n\u0131 \u2018yap\u0131c\u0131 olmayan u\u011fursuz a\u00e7\u0131klamalar\u2019 olarak nitelendirerek; yap\u0131lmas\u0131 gerekenin, Viyana\u2019da d\u00fczenlenecek g\u00f6r\u00fc\u015fmelerin ba\u015far\u0131l\u0131 olmas\u0131na \u00e7aba sarf etmek oldu\u011funu belirtti.<\/p>\n","protected":false},"author":1,"featured_media":0,"comment_status":"closed","ping_status":"closed","sticky":false,"template":"","format":"standard","meta":{"footnotes":""},"categories":[1],"tags":[],"class_list":["post-50908","post","type-post","status-publish","format-standard","","category-news-not-sorted"],"_links":{"self":[{"href":"https:\/\/archive.sana.sy\/tr\/index.php?rest_route=\/wp\/v2\/posts\/50908","targetHints":{"allow":["GET"]}}],"collection":[{"href":"https:\/\/archive.sana.sy\/tr\/index.php?rest_route=\/wp\/v2\/posts"}],"about":[{"href":"https:\/\/archive.sana.sy\/tr\/index.php?rest_route=\/wp\/v2\/types\/post"}],"author":[{"embeddable":true,"href":"https:\/\/archive.sana.sy\/tr\/index.php?rest_route=\/wp\/v2\/users\/1"}],"replies":[{"embeddable":true,"href":"https:\/\/archive.sana.sy\/tr\/index.php?rest_route=%2Fwp%2Fv2%2Fcomments&post=50908"}],"version-history":[{"count":0,"href":"https:\/\/archive.sana.sy\/tr\/index.php?rest_route=\/wp\/v2\/posts\/50908\/revisions"}],"wp:attachment":[{"href":"https:\/\/archive.sana.sy\/tr\/index.php?rest_route=%2Fwp%2Fv2%2Fmedia&parent=50908"}],"wp:term":[{"taxonomy":"category","embeddable":true,"href":"https:\/\/archive.sana.sy\/tr\/index.php?rest_route=%2Fwp%2Fv2%2Fcategories&post=50908"},{"taxonomy":"post_tag","embeddable":true,"href":"https:\/\/archive.sana.sy\/tr\/index.php?rest_route=%2Fwp%2Fv2%2Ftags&post=50908"}],"curies":[{"name":"wp","href":"https:\/\/api.w.org\/{rel}","templated":true}]}}