{"id":50931,"date":"2015-10-30T12:11:30","date_gmt":"2015-10-30T10:11:30","guid":{"rendered":"http:\/\/www.sana.sy\/tr\/?p=50931"},"modified":"2015-10-30T12:11:30","modified_gmt":"2015-10-30T10:11:30","slug":"rusya-baskanlik-sarayi-kremlinin-sozcusu-peskov-rus-hava-guclerinin-suriyedeki-gorev-suresinin-suriyede-terorle-mucadele-durumuna-bagli-oldugunu-belirtti","status":"publish","type":"post","link":"https:\/\/archive.sana.sy\/tr\/?p=50931","title":{"rendered":"Rusya Ba\u015fkanl\u0131k Saray\u0131 Kremlin&#8217;in S\u00f6zc\u00fcs\u00fc Peskov; Rus hava g\u00fc\u00e7lerinin Suriye&#8217;deki g\u00f6rev s\u00fcresinin Suriye&#8217;de ter\u00f6rle m\u00fccadele durumuna ba\u011fl\u0131 oldu\u011funu belirtti."},"content":{"rendered":"<p>Rusya Ba\u015fkanl\u0131k Saray\u0131 Kremlin&#8217;in S\u00f6zc\u00fcs\u00fc Peskov; Rus hava g\u00fc\u00e7lerinin Suriye&#8217;deki g\u00f6rev s\u00fcresinin Suriye&#8217;de ter\u00f6rle m\u00fccadele durumuna ba\u011fl\u0131 oldu\u011funu belirtti.<\/p>\n","protected":false},"excerpt":{"rendered":"<p>Rusya Ba\u015fkanl\u0131k Saray\u0131 Kremlin&#8217;in S\u00f6zc\u00fcs\u00fc Peskov; Rus hava g\u00fc\u00e7lerinin Suriye&#8217;deki g\u00f6rev s\u00fcresinin Suriye&#8217;de ter\u00f6rle m\u00fccadele durumuna ba\u011fl\u0131 oldu\u011funu belirtti.<\/p>\n","protected":false},"author":1,"featured_media":0,"comment_status":"closed","ping_status":"closed","sticky":false,"template":"","format":"standard","meta":{"footnotes":""},"categories":[1],"tags":[17489],"class_list":["post-50931","post","type-post","status-publish","format-standard","","category-news-not-sorted","tag-rusya-baskanlik-sarayi-kremlinin-sozcusu-peskov-rus-hava-guclerinin-suriyedeki-gorev-suresinin-suriyede-terorle-mucadele-durumuna-bagli-oldugunu-belirtti"],"_links":{"self":[{"href":"https:\/\/archive.sana.sy\/tr\/index.php?rest_route=\/wp\/v2\/posts\/50931","targetHints":{"allow":["GET"]}}],"collection":[{"href":"https:\/\/archive.sana.sy\/tr\/index.php?rest_route=\/wp\/v2\/posts"}],"about":[{"href":"https:\/\/archive.sana.sy\/tr\/index.php?rest_route=\/wp\/v2\/types\/post"}],"author":[{"embeddable":true,"href":"https:\/\/archive.sana.sy\/tr\/index.php?rest_route=\/wp\/v2\/users\/1"}],"replies":[{"embeddable":true,"href":"https:\/\/archive.sana.sy\/tr\/index.php?rest_route=%2Fwp%2Fv2%2Fcomments&post=50931"}],"version-history":[{"count":0,"href":"https:\/\/archive.sana.sy\/tr\/index.php?rest_route=\/wp\/v2\/posts\/50931\/revisions"}],"wp:attachment":[{"href":"https:\/\/archive.sana.sy\/tr\/index.php?rest_route=%2Fwp%2Fv2%2Fmedia&parent=50931"}],"wp:term":[{"taxonomy":"category","embeddable":true,"href":"https:\/\/archive.sana.sy\/tr\/index.php?rest_route=%2Fwp%2Fv2%2Fcategories&post=50931"},{"taxonomy":"post_tag","embeddable":true,"href":"https:\/\/archive.sana.sy\/tr\/index.php?rest_route=%2Fwp%2Fv2%2Ftags&post=50931"}],"curies":[{"name":"wp","href":"https:\/\/api.w.org\/{rel}","templated":true}]}}