{"id":50950,"date":"2015-10-30T13:26:58","date_gmt":"2015-10-30T11:26:58","guid":{"rendered":"http:\/\/www.sana.sy\/tr\/?p=50950"},"modified":"2015-10-30T13:26:58","modified_gmt":"2015-10-30T11:26:58","slug":"viyanada-toplananlar-esadi-tartismiyor","status":"publish","type":"post","link":"https:\/\/archive.sana.sy\/tr\/?p=50950","title":{"rendered":"Viyana\u2019da Toplananlar Esad\u2019\u0131 Tart\u0131\u015fm\u0131yor"},"content":{"rendered":"<p>MOSKOVA \u2013 Rusya Ba\u015fkanl\u0131k Saray\u0131 Kremlin\u2019\u0130n resmi s\u00f6zc\u00fcs\u00fc Dimitry Peskov; Rus hava g\u00fc\u00e7lerinin Suriye&#8217;deki operasyonlar\u0131n\u0131n zaman s\u00fcresinin, Suriye ordusunun ter\u00f6re kar\u015f\u0131 m\u00fccadele s\u00fcresiyle ba\u011flant\u0131l\u0131 oldu\u011funu belirtti.<\/p>\n<p>Peskov bug\u00fcn Moskova\u2019da bas\u0131na yapt\u0131\u011f\u0131 a\u00e7\u0131klamada; Rus hava g\u00fc\u00e7lerinin Suriye&#8217;de ter\u00f6re ve tekfircilere kar\u015f\u0131 sava\u015fan Suriye ordusuna destek ama\u00e7l\u0131 oldu\u011funu bir kez daha ifade etti. Rusya&#8217;n\u0131n Suriye&#8217;deki krize ili\u015fkin tutumuna bir kez daha \u0131\u015f\u0131k tutan Peskov; bu tutumun, Suriye&#8217;de ter\u00f6r\u00fc yok etmeden siyasi \u00e7\u00f6z\u00fcm sa\u011flaman\u0131n m\u00fcmk\u00fcn olmad\u0131\u011f\u0131na dayal\u0131 oldu\u011funu s\u00f6yledi.<\/p>\n<p>Kremlin\u2019in S\u00f6zc\u00fcs\u00fc Peskov; Viyana\u2019da yap\u0131lan g\u00f6r\u00fc\u015fmelerde Suriye Cumhurba\u015fkan\u0131 Be\u015f\u015far el Esad meselesini tart\u0131\u015fmad\u0131klar\u0131n\u0131n alt\u0131n\u0131 \u00e7izerken, siyasi \u00e7\u00f6z\u00fcm meselesini tart\u0131\u015ft\u0131klar\u0131n\u0131 belirtti. Peskov \u00f6yle ki Suriye&#8217;de cumhurba\u015fkan\u0131 meselesi ve gelece\u011finin sadece ve sadece Suriye halk\u0131 taraf\u0131ndan belirlenece\u011fine bir kez daha vurgu yapt\u0131.<\/p>\n<p>Suriye&#8217;de siyasi \u00e7\u00f6z\u00fcm sa\u011flaman\u0131n gere\u011finde herkesin hemfikir oldu\u011funa dikkat \u00e7eken Peskov; Viyana\u2019da toplananlar\u0131n t\u00fcm\u00fcn\u00fcn resmi yetkililer oldu\u011funu, bu ba\u011flamda da katk\u0131 sa\u011flama olana\u011f\u0131na sahip olduklar\u0131na i\u015faret etti.<\/p>\n<p>R.H.<\/p>\n","protected":false},"excerpt":{"rendered":"<p>MOSKOVA \u2013 Rusya Ba\u015fkanl\u0131k Saray\u0131 Kremlin\u2019\u0130n resmi s\u00f6zc\u00fcs\u00fc Dimitry Peskov; Rus hava g\u00fc\u00e7lerinin Suriye&#8217;deki operasyonlar\u0131n\u0131n zaman s\u00fcresinin, Suriye ordusunun ter\u00f6re kar\u015f\u0131 m\u00fccadele s\u00fcresiyle ba\u011flant\u0131l\u0131 oldu\u011funu belirtti. Peskov bug\u00fcn Moskova\u2019da bas\u0131na yapt\u0131\u011f\u0131 a\u00e7\u0131klamada; Rus hava g\u00fc\u00e7lerinin Suriye&#8217;de ter\u00f6re ve tekfircilere kar\u015f\u0131 sava\u015fan Suriye ordusuna destek ama\u00e7l\u0131 oldu\u011funu bir kez daha ifade etti. Rusya&#8217;n\u0131n Suriye&#8217;deki krize ili\u015fkin &hellip;<\/p>\n","protected":false},"author":1,"featured_media":50951,"comment_status":"closed","ping_status":"closed","sticky":false,"template":"","format":"standard","meta":{"footnotes":""},"categories":[458,459,447],"tags":[17493],"class_list":["post-50950","post","type-post","status-publish","format-standard","has-post-thumbnail","","category-dunya1","category-haberler-arap-uluslararasi-politika","category-politika","tag-viyanada-toplananlar-esadi-tartismiyor"],"_links":{"self":[{"href":"https:\/\/archive.sana.sy\/tr\/index.php?rest_route=\/wp\/v2\/posts\/50950","targetHints":{"allow":["GET"]}}],"collection":[{"href":"https:\/\/archive.sana.sy\/tr\/index.php?rest_route=\/wp\/v2\/posts"}],"about":[{"href":"https:\/\/archive.sana.sy\/tr\/index.php?rest_route=\/wp\/v2\/types\/post"}],"author":[{"embeddable":true,"href":"https:\/\/archive.sana.sy\/tr\/index.php?rest_route=\/wp\/v2\/users\/1"}],"replies":[{"embeddable":true,"href":"https:\/\/archive.sana.sy\/tr\/index.php?rest_route=%2Fwp%2Fv2%2Fcomments&post=50950"}],"version-history":[{"count":0,"href":"https:\/\/archive.sana.sy\/tr\/index.php?rest_route=\/wp\/v2\/posts\/50950\/revisions"}],"wp:featuredmedia":[{"embeddable":true,"href":"https:\/\/archive.sana.sy\/tr\/index.php?rest_route=\/wp\/v2\/media\/50951"}],"wp:attachment":[{"href":"https:\/\/archive.sana.sy\/tr\/index.php?rest_route=%2Fwp%2Fv2%2Fmedia&parent=50950"}],"wp:term":[{"taxonomy":"category","embeddable":true,"href":"https:\/\/archive.sana.sy\/tr\/index.php?rest_route=%2Fwp%2Fv2%2Fcategories&post=50950"},{"taxonomy":"post_tag","embeddable":true,"href":"https:\/\/archive.sana.sy\/tr\/index.php?rest_route=%2Fwp%2Fv2%2Ftags&post=50950"}],"curies":[{"name":"wp","href":"https:\/\/api.w.org\/{rel}","templated":true}]}}