{"id":50953,"date":"2015-10-30T13:34:02","date_gmt":"2015-10-30T11:34:02","guid":{"rendered":"http:\/\/www.sana.sy\/tr\/?p=50953"},"modified":"2015-10-30T13:34:02","modified_gmt":"2015-10-30T11:34:02","slug":"16-devletin-disisleri-bakanlari-viyanada-toplandi","status":"publish","type":"post","link":"https:\/\/archive.sana.sy\/tr\/?p=50953","title":{"rendered":"16 Devletin D\u0131\u015fi\u015fleri Bakanlar\u0131 Viyana\u2019da Topland\u0131"},"content":{"rendered":"<p>V\u0130YANA \u2013 Suriye&#8217;deki krize siyasi \u00e7\u00f6z\u00fcm sa\u011flama ama\u00e7l\u0131 olarak 16 devletin d\u0131\u015fi\u015fleri bakanlar\u0131 bug\u00fcn Avusturya\u2019n\u0131n ba\u015fkenti Viyana\u2019da geni\u015fletilmi\u015f toplant\u0131lar\u0131na ba\u015flad\u0131.<\/p>\n<p>Toplant\u0131lara Rusya, ABD, \u00c7in, \u0130ran, Suudi Arabistan, T\u00fcrkiye, Birle\u015fik Arap Emirlikleri, Katar, \u00dcrd\u00fcn, Almanya, Fransa, M\u0131s\u0131r, \u0130talya, \u0130ngiltere, Irak ve L\u00fcbnan d\u0131\u015fi\u015fleri bakanlar\u0131n\u0131n yan\u0131 s\u0131ra BM genel sekreterinin Suriye \u00f6zel temsilcisi Staffan de Mistura ve Avrupa Birli\u011fi D\u0131\u015f \u0130li\u015fkiler ve G\u00fcvenlik Politikas\u0131 Y\u00fcksek Temsilcisi Federica Mogherini kat\u0131l\u0131yor.<\/p>\n<p>ABD D\u0131\u015fi\u015fleri Bakan\u0131 John Kerry toplant\u0131dan \u00f6nce gazetecilere yapt\u0131\u011f\u0131 a\u00e7\u0131klamada; kendi de\u011fimiyle zor olsa da toplant\u0131da bir ilerlemenin sa\u011flanmas\u0131 umudunda oldu\u011funu ifade etti.<\/p>\n<p>Viyana d\u00fcn; bir hafta \u00f6nce oldu\u011fu gibi yeniden toplanan ABD, Rusya, T\u00fcrkiye ve Suudi Arabistan d\u0131\u015fi\u015fleri bakanlar\u0131n\u0131n d\u00f6rtl\u00fc oturumlar\u0131na tan\u0131k olmu\u015ftu.<\/p>\n<p>R.H.<\/p>\n","protected":false},"excerpt":{"rendered":"<p>V\u0130YANA \u2013 Suriye&#8217;deki krize siyasi \u00e7\u00f6z\u00fcm sa\u011flama ama\u00e7l\u0131 olarak 16 devletin d\u0131\u015fi\u015fleri bakanlar\u0131 bug\u00fcn Avusturya\u2019n\u0131n ba\u015fkenti Viyana\u2019da geni\u015fletilmi\u015f toplant\u0131lar\u0131na ba\u015flad\u0131. Toplant\u0131lara Rusya, ABD, \u00c7in, \u0130ran, Suudi Arabistan, T\u00fcrkiye, Birle\u015fik Arap Emirlikleri, Katar, \u00dcrd\u00fcn, Almanya, Fransa, M\u0131s\u0131r, \u0130talya, \u0130ngiltere, Irak ve L\u00fcbnan d\u0131\u015fi\u015fleri bakanlar\u0131n\u0131n yan\u0131 s\u0131ra BM genel sekreterinin Suriye \u00f6zel temsilcisi Staffan de Mistura ve &hellip;<\/p>\n","protected":false},"author":1,"featured_media":50954,"comment_status":"closed","ping_status":"closed","sticky":false,"template":"","format":"standard","meta":{"footnotes":""},"categories":[458,459,447],"tags":[17494],"class_list":["post-50953","post","type-post","status-publish","format-standard","has-post-thumbnail","","category-dunya1","category-haberler-arap-uluslararasi-politika","category-politika","tag-16-devletin-disisleri-bakanlari-viyanada-toplandi"],"_links":{"self":[{"href":"https:\/\/archive.sana.sy\/tr\/index.php?rest_route=\/wp\/v2\/posts\/50953","targetHints":{"allow":["GET"]}}],"collection":[{"href":"https:\/\/archive.sana.sy\/tr\/index.php?rest_route=\/wp\/v2\/posts"}],"about":[{"href":"https:\/\/archive.sana.sy\/tr\/index.php?rest_route=\/wp\/v2\/types\/post"}],"author":[{"embeddable":true,"href":"https:\/\/archive.sana.sy\/tr\/index.php?rest_route=\/wp\/v2\/users\/1"}],"replies":[{"embeddable":true,"href":"https:\/\/archive.sana.sy\/tr\/index.php?rest_route=%2Fwp%2Fv2%2Fcomments&post=50953"}],"version-history":[{"count":0,"href":"https:\/\/archive.sana.sy\/tr\/index.php?rest_route=\/wp\/v2\/posts\/50953\/revisions"}],"wp:featuredmedia":[{"embeddable":true,"href":"https:\/\/archive.sana.sy\/tr\/index.php?rest_route=\/wp\/v2\/media\/50954"}],"wp:attachment":[{"href":"https:\/\/archive.sana.sy\/tr\/index.php?rest_route=%2Fwp%2Fv2%2Fmedia&parent=50953"}],"wp:term":[{"taxonomy":"category","embeddable":true,"href":"https:\/\/archive.sana.sy\/tr\/index.php?rest_route=%2Fwp%2Fv2%2Fcategories&post=50953"},{"taxonomy":"post_tag","embeddable":true,"href":"https:\/\/archive.sana.sy\/tr\/index.php?rest_route=%2Fwp%2Fv2%2Ftags&post=50953"}],"curies":[{"name":"wp","href":"https:\/\/api.w.org\/{rel}","templated":true}]}}