{"id":50956,"date":"2015-10-30T13:35:24","date_gmt":"2015-10-30T11:35:24","guid":{"rendered":"http:\/\/www.sana.sy\/tr\/?p=50956"},"modified":"2015-10-30T13:35:24","modified_gmt":"2015-10-30T11:35:24","slug":"rusya-baskaninin-ortadogu-ozel-temsilcisi-ve-disisleri-bakani-yardimcisi-mikhail-bogdanov-viyana-toplantilarinin-suriyedeki-krize-siyasi-cozum-bulmada-nitelikli-bir-atak-gerceklestirdigini-belirtir","status":"publish","type":"post","link":"https:\/\/archive.sana.sy\/tr\/?p=50956","title":{"rendered":"Rusya Ba\u015fkan\u0131n\u0131n Ortado\u011fu \u00d6zel Temsilcisi ve D\u0131\u015fi\u015fleri Bakan\u0131 Yard\u0131mc\u0131s\u0131 Mikhail Bogdanov; Viyana toplant\u0131lar\u0131n\u0131n Suriye&#8217;deki krize siyasi \u00e7\u00f6z\u00fcm bulmada nitelikli bir atak ger\u00e7ekle\u015ftirdi\u011fini belirtirken; Viyana&#8217;da toplanan d\u0131\u015f akt\u00f6rlere d\u00fc\u015fen rol\u00fcn sadece Suriyeliler aras\u0131nda diyalog ortam\u0131 sa\u011flamak oldu\u011funu vurgulad\u0131"},"content":{"rendered":"<p>Rusya Ba\u015fkan\u0131n\u0131n Ortado\u011fu \u00d6zel Temsilcisi ve D\u0131\u015fi\u015fleri Bakan\u0131 Yard\u0131mc\u0131s\u0131 Mikhail Bogdanov; Viyana toplant\u0131lar\u0131n\u0131n Suriye&#8217;deki krize siyasi \u00e7\u00f6z\u00fcm bulmada nitelikli bir atak ger\u00e7ekle\u015ftirdi\u011fini belirtirken; Viyana&#8217;da toplanan d\u0131\u015f akt\u00f6rlere d\u00fc\u015fen rol\u00fcn sadece Suriyeliler aras\u0131nda diyalog ortam\u0131 sa\u011flamak oldu\u011funu vurgulad\u0131<\/p>\n","protected":false},"excerpt":{"rendered":"<p>Rusya Ba\u015fkan\u0131n\u0131n Ortado\u011fu \u00d6zel Temsilcisi ve D\u0131\u015fi\u015fleri Bakan\u0131 Yard\u0131mc\u0131s\u0131 Mikhail Bogdanov; Viyana toplant\u0131lar\u0131n\u0131n Suriye&#8217;deki krize siyasi \u00e7\u00f6z\u00fcm bulmada nitelikli bir atak ger\u00e7ekle\u015ftirdi\u011fini belirtirken; Viyana&#8217;da toplanan d\u0131\u015f akt\u00f6rlere d\u00fc\u015fen rol\u00fcn sadece Suriyeliler aras\u0131nda diyalog ortam\u0131 sa\u011flamak oldu\u011funu vurgulad\u0131<\/p>\n","protected":false},"author":1,"featured_media":0,"comment_status":"closed","ping_status":"closed","sticky":false,"template":"","format":"standard","meta":{"footnotes":""},"categories":[1],"tags":[],"class_list":["post-50956","post","type-post","status-publish","format-standard","","category-news-not-sorted"],"_links":{"self":[{"href":"https:\/\/archive.sana.sy\/tr\/index.php?rest_route=\/wp\/v2\/posts\/50956","targetHints":{"allow":["GET"]}}],"collection":[{"href":"https:\/\/archive.sana.sy\/tr\/index.php?rest_route=\/wp\/v2\/posts"}],"about":[{"href":"https:\/\/archive.sana.sy\/tr\/index.php?rest_route=\/wp\/v2\/types\/post"}],"author":[{"embeddable":true,"href":"https:\/\/archive.sana.sy\/tr\/index.php?rest_route=\/wp\/v2\/users\/1"}],"replies":[{"embeddable":true,"href":"https:\/\/archive.sana.sy\/tr\/index.php?rest_route=%2Fwp%2Fv2%2Fcomments&post=50956"}],"version-history":[{"count":0,"href":"https:\/\/archive.sana.sy\/tr\/index.php?rest_route=\/wp\/v2\/posts\/50956\/revisions"}],"wp:attachment":[{"href":"https:\/\/archive.sana.sy\/tr\/index.php?rest_route=%2Fwp%2Fv2%2Fmedia&parent=50956"}],"wp:term":[{"taxonomy":"category","embeddable":true,"href":"https:\/\/archive.sana.sy\/tr\/index.php?rest_route=%2Fwp%2Fv2%2Fcategories&post=50956"},{"taxonomy":"post_tag","embeddable":true,"href":"https:\/\/archive.sana.sy\/tr\/index.php?rest_route=%2Fwp%2Fv2%2Ftags&post=50956"}],"curies":[{"name":"wp","href":"https:\/\/api.w.org\/{rel}","templated":true}]}}