{"id":51000,"date":"2015-10-31T12:48:47","date_gmt":"2015-10-31T10:48:47","guid":{"rendered":"http:\/\/www.sana.sy\/tr\/?p=51000"},"modified":"2015-10-31T12:48:47","modified_gmt":"2015-10-31T10:48:47","slug":"suudi-rejimi-sivillere-karsi-misket-bombalari-kullandi","status":"publish","type":"post","link":"https:\/\/archive.sana.sy\/tr\/?p=51000","title":{"rendered":"Suudi Rejimi Sivillere Kar\u015f\u0131 Misket Bombalar\u0131 Kulland\u0131"},"content":{"rendered":"<p>NEW YORK \u2013 Uluslararas\u0131 Af \u00d6rg\u00fct\u00fc Suudi rejimi komutas\u0131ndaki koalisyon u\u00e7aklar\u0131n\u0131n bu hafta Yemen\u2019in kuzeyi Sada B\u00f6lgesinde sivil bir yerle\u015fim alan\u0131na kar\u015f\u0131 uluslararas\u0131nca yasaklanm\u0131\u015f misket bombalar\u0131 kulland\u0131klar\u0131n\u0131 ortaya \u00e7\u0131kard\u0131.<\/p>\n<p>\u00d6rg\u00fctte Ortado\u011fu ve Kuzey Afrika Departman\u0131 Ba\u015fkan\u0131 Philip Luther; s\u00f6z konusu silahlar\u0131n geli\u015fi g\u00fczel masum insanlar\u0131 \u00f6ld\u00fcrmeleriyle uluslararas\u0131nca yasaklanm\u0131\u015f oldu\u011funa dikkat \u00e7ekerken, Suudi rejiminin bu gibi bombalar\u0131 kullanmaya son vermesi gere\u011finin alt\u0131n\u0131 \u00e7izdi.<\/p>\n","protected":false},"excerpt":{"rendered":"<p>NEW YORK \u2013 Uluslararas\u0131 Af \u00d6rg\u00fct\u00fc Suudi rejimi komutas\u0131ndaki koalisyon u\u00e7aklar\u0131n\u0131n bu hafta Yemen\u2019in kuzeyi Sada B\u00f6lgesinde sivil bir yerle\u015fim alan\u0131na kar\u015f\u0131 uluslararas\u0131nca yasaklanm\u0131\u015f misket bombalar\u0131 kulland\u0131klar\u0131n\u0131 ortaya \u00e7\u0131kard\u0131. \u00d6rg\u00fctte Ortado\u011fu ve Kuzey Afrika Departman\u0131 Ba\u015fkan\u0131 Philip Luther; s\u00f6z konusu silahlar\u0131n geli\u015fi g\u00fczel masum insanlar\u0131 \u00f6ld\u00fcrmeleriyle uluslararas\u0131nca yasaklanm\u0131\u015f oldu\u011funa dikkat \u00e7ekerken, Suudi rejiminin bu gibi &hellip;<\/p>\n","protected":false},"author":1,"featured_media":51001,"comment_status":"closed","ping_status":"closed","sticky":false,"template":"","format":"standard","meta":{"footnotes":""},"categories":[458,459,447],"tags":[17503],"class_list":["post-51000","post","type-post","status-publish","format-standard","has-post-thumbnail","","category-dunya1","category-haberler-arap-uluslararasi-politika","category-politika","tag-suudi-rejimi-sivillere-karsi-misket-bombalari-kullandi"],"_links":{"self":[{"href":"https:\/\/archive.sana.sy\/tr\/index.php?rest_route=\/wp\/v2\/posts\/51000","targetHints":{"allow":["GET"]}}],"collection":[{"href":"https:\/\/archive.sana.sy\/tr\/index.php?rest_route=\/wp\/v2\/posts"}],"about":[{"href":"https:\/\/archive.sana.sy\/tr\/index.php?rest_route=\/wp\/v2\/types\/post"}],"author":[{"embeddable":true,"href":"https:\/\/archive.sana.sy\/tr\/index.php?rest_route=\/wp\/v2\/users\/1"}],"replies":[{"embeddable":true,"href":"https:\/\/archive.sana.sy\/tr\/index.php?rest_route=%2Fwp%2Fv2%2Fcomments&post=51000"}],"version-history":[{"count":0,"href":"https:\/\/archive.sana.sy\/tr\/index.php?rest_route=\/wp\/v2\/posts\/51000\/revisions"}],"wp:featuredmedia":[{"embeddable":true,"href":"https:\/\/archive.sana.sy\/tr\/index.php?rest_route=\/wp\/v2\/media\/51001"}],"wp:attachment":[{"href":"https:\/\/archive.sana.sy\/tr\/index.php?rest_route=%2Fwp%2Fv2%2Fmedia&parent=51000"}],"wp:term":[{"taxonomy":"category","embeddable":true,"href":"https:\/\/archive.sana.sy\/tr\/index.php?rest_route=%2Fwp%2Fv2%2Fcategories&post=51000"},{"taxonomy":"post_tag","embeddable":true,"href":"https:\/\/archive.sana.sy\/tr\/index.php?rest_route=%2Fwp%2Fv2%2Ftags&post=51000"}],"curies":[{"name":"wp","href":"https:\/\/api.w.org\/{rel}","templated":true}]}}