{"id":51025,"date":"2015-10-31T14:47:35","date_gmt":"2015-10-31T12:47:35","guid":{"rendered":"http:\/\/www.sana.sy\/tr\/?p=51025"},"modified":"2015-10-31T14:47:35","modified_gmt":"2015-10-31T12:47:35","slug":"derada-askeri-bir-kaynak-sanaya-aciklamasinda-ordu-birliklerimizin-urdun-ve-israilin-destekledikleri-tekfirci-teroristlerin-ana-karargahlarindan-biri-sayilan-dera-mahatta-bo","status":"publish","type":"post","link":"https:\/\/archive.sana.sy\/tr\/?p=51025","title":{"rendered":"Dera\u2019da askeri bir kaynak SANA\u2019ya a\u00e7\u0131klamas\u0131nda ordu birliklerimizin \u00dcrd\u00fcn ve \u0130srail\u2019in destekledikleri tekfirci ter\u00f6ristlerin ana karargahlar\u0131ndan biri say\u0131lan Dera Mahatta B\u00f6lgesinde Devlet Hastanesinin g\u00fcneyine d\u00fc\u015fen 22 bina blo\u011funu ter\u00f6ristlerden temizleyerek kontrollerine ge\u00e7irdiklerini aktar\u0131rken, operasyonlarda geneli Nusra Cepheli \u00e7ok say\u0131da ter\u00f6ristin \u00f6ld\u00fcr\u00fcld\u00fc\u011f\u00fcn\u00fc belirtti."},"content":{"rendered":"<p>Dera\u2019da askeri bir kaynak SANA\u2019ya a\u00e7\u0131klamas\u0131nda ordu birliklerimizin \u00dcrd\u00fcn ve \u0130srail\u2019in destekledikleri tekfirci ter\u00f6ristlerin ana karargahlar\u0131ndan biri say\u0131lan Dera Mahatta B\u00f6lgesinde Devlet Hastanesinin g\u00fcneyine d\u00fc\u015fen 22 bina blo\u011funu ter\u00f6ristlerden temizleyerek kontrollerine ge\u00e7irdiklerini aktar\u0131rken, operasyonlarda geneli Nusra Cepheli \u00e7ok say\u0131da ter\u00f6ristin \u00f6ld\u00fcr\u00fcld\u00fc\u011f\u00fcn\u00fc belirtti.<\/p>\n","protected":false},"excerpt":{"rendered":"<p>Dera\u2019da askeri bir kaynak SANA\u2019ya a\u00e7\u0131klamas\u0131nda ordu birliklerimizin \u00dcrd\u00fcn ve \u0130srail\u2019in destekledikleri tekfirci ter\u00f6ristlerin ana karargahlar\u0131ndan biri say\u0131lan Dera Mahatta B\u00f6lgesinde Devlet Hastanesinin g\u00fcneyine d\u00fc\u015fen 22 bina blo\u011funu ter\u00f6ristlerden temizleyerek kontrollerine ge\u00e7irdiklerini aktar\u0131rken, operasyonlarda geneli Nusra Cepheli \u00e7ok say\u0131da ter\u00f6ristin \u00f6ld\u00fcr\u00fcld\u00fc\u011f\u00fcn\u00fc belirtti.<\/p>\n","protected":false},"author":1,"featured_media":0,"comment_status":"closed","ping_status":"closed","sticky":false,"template":"","format":"standard","meta":{"footnotes":""},"categories":[1],"tags":[],"class_list":["post-51025","post","type-post","status-publish","format-standard","","category-news-not-sorted"],"_links":{"self":[{"href":"https:\/\/archive.sana.sy\/tr\/index.php?rest_route=\/wp\/v2\/posts\/51025","targetHints":{"allow":["GET"]}}],"collection":[{"href":"https:\/\/archive.sana.sy\/tr\/index.php?rest_route=\/wp\/v2\/posts"}],"about":[{"href":"https:\/\/archive.sana.sy\/tr\/index.php?rest_route=\/wp\/v2\/types\/post"}],"author":[{"embeddable":true,"href":"https:\/\/archive.sana.sy\/tr\/index.php?rest_route=\/wp\/v2\/users\/1"}],"replies":[{"embeddable":true,"href":"https:\/\/archive.sana.sy\/tr\/index.php?rest_route=%2Fwp%2Fv2%2Fcomments&post=51025"}],"version-history":[{"count":0,"href":"https:\/\/archive.sana.sy\/tr\/index.php?rest_route=\/wp\/v2\/posts\/51025\/revisions"}],"wp:attachment":[{"href":"https:\/\/archive.sana.sy\/tr\/index.php?rest_route=%2Fwp%2Fv2%2Fmedia&parent=51025"}],"wp:term":[{"taxonomy":"category","embeddable":true,"href":"https:\/\/archive.sana.sy\/tr\/index.php?rest_route=%2Fwp%2Fv2%2Fcategories&post=51025"},{"taxonomy":"post_tag","embeddable":true,"href":"https:\/\/archive.sana.sy\/tr\/index.php?rest_route=%2Fwp%2Fv2%2Ftags&post=51025"}],"curies":[{"name":"wp","href":"https:\/\/api.w.org\/{rel}","templated":true}]}}