{"id":51048,"date":"2015-11-01T08:30:14","date_gmt":"2015-11-01T06:30:14","guid":{"rendered":"http:\/\/www.sana.sy\/tr\/?p=51048"},"modified":"2015-11-01T11:56:06","modified_gmt":"2015-11-01T09:56:06","slug":"milli-gurescimiz-altin-madalya-kazandi","status":"publish","type":"post","link":"https:\/\/archive.sana.sy\/tr\/?p=51048","title":{"rendered":"Milli G\u00fcre\u015f\u00e7imiz Alt\u0131n Madalya Kazand\u0131"},"content":{"rendered":"<p>BA\u011eDAT \u2013 Milli g\u00fcre\u015f\u00e7imiz Abd\u00fclkerim el Hasan Irak\u2019\u0131n ba\u015fkenti Ba\u011fdat\u2019ta d\u00fczenlenmekte olan Bat\u0131 Asya G\u00fcre\u015f \u015eampiyonas\u0131nda alt\u0131n madalya kazand\u0131.<\/p>\n<p>Suriye, Irak, \u0130ran, Filistin, \u00dcrd\u00fcn, Yemen ve L\u00fcbnan\u2019\u0131n kat\u0131ld\u0131klar\u0131 \u015fampiyonada milli g\u00fcre\u015f\u00e7imiz Hasan 59 kiloda alt\u0131n madalyay\u0131 kazand\u0131.<\/p>\n<p>R.H.<\/p>\n","protected":false},"excerpt":{"rendered":"<p>BA\u011eDAT \u2013 Milli g\u00fcre\u015f\u00e7imiz Abd\u00fclkerim el Hasan Irak\u2019\u0131n ba\u015fkenti Ba\u011fdat\u2019ta d\u00fczenlenmekte olan Bat\u0131 Asya G\u00fcre\u015f \u015eampiyonas\u0131nda alt\u0131n madalya kazand\u0131. Suriye, Irak, \u0130ran, Filistin, \u00dcrd\u00fcn, Yemen ve L\u00fcbnan\u2019\u0131n kat\u0131ld\u0131klar\u0131 \u015fampiyonada milli g\u00fcre\u015f\u00e7imiz Hasan 59 kiloda alt\u0131n madalyay\u0131 kazand\u0131. R.H.<\/p>\n","protected":false},"author":1,"featured_media":51072,"comment_status":"closed","ping_status":"closed","sticky":false,"template":"","format":"standard","meta":{"footnotes":""},"categories":[498,496],"tags":[17512],"class_list":["post-51048","post","type-post","status-publish","format-standard","has-post-thumbnail","","category-dunya-turnuvalari","category-spor","tag-milli-gurescimiz-altin-madalya-kazandi"],"_links":{"self":[{"href":"https:\/\/archive.sana.sy\/tr\/index.php?rest_route=\/wp\/v2\/posts\/51048","targetHints":{"allow":["GET"]}}],"collection":[{"href":"https:\/\/archive.sana.sy\/tr\/index.php?rest_route=\/wp\/v2\/posts"}],"about":[{"href":"https:\/\/archive.sana.sy\/tr\/index.php?rest_route=\/wp\/v2\/types\/post"}],"author":[{"embeddable":true,"href":"https:\/\/archive.sana.sy\/tr\/index.php?rest_route=\/wp\/v2\/users\/1"}],"replies":[{"embeddable":true,"href":"https:\/\/archive.sana.sy\/tr\/index.php?rest_route=%2Fwp%2Fv2%2Fcomments&post=51048"}],"version-history":[{"count":0,"href":"https:\/\/archive.sana.sy\/tr\/index.php?rest_route=\/wp\/v2\/posts\/51048\/revisions"}],"wp:featuredmedia":[{"embeddable":true,"href":"https:\/\/archive.sana.sy\/tr\/index.php?rest_route=\/wp\/v2\/media\/51072"}],"wp:attachment":[{"href":"https:\/\/archive.sana.sy\/tr\/index.php?rest_route=%2Fwp%2Fv2%2Fmedia&parent=51048"}],"wp:term":[{"taxonomy":"category","embeddable":true,"href":"https:\/\/archive.sana.sy\/tr\/index.php?rest_route=%2Fwp%2Fv2%2Fcategories&post=51048"},{"taxonomy":"post_tag","embeddable":true,"href":"https:\/\/archive.sana.sy\/tr\/index.php?rest_route=%2Fwp%2Fv2%2Ftags&post=51048"}],"curies":[{"name":"wp","href":"https:\/\/api.w.org\/{rel}","templated":true}]}}