{"id":51057,"date":"2015-11-01T08:57:09","date_gmt":"2015-11-01T06:57:09","guid":{"rendered":"http:\/\/www.sana.sy\/tr\/?p=51057"},"modified":"2015-11-01T11:52:16","modified_gmt":"2015-11-01T09:52:16","slug":"ordu-birliklerimiz-dogu-gutada-basariyla-ilerliyor","status":"publish","type":"post","link":"https:\/\/archive.sana.sy\/tr\/?p=51057","title":{"rendered":"Ordu Birliklerimiz Do\u011fu \u011euta\u2019da Ba\u015far\u0131yla \u0130lerliyor"},"content":{"rendered":"<p>\u015eAM KIRSALI \u2013 Askeri kaynak ordu birliklerimizin halk savunma g\u00fc\u00e7leriyle i\u015fbirli\u011fi i\u00e7inde \u015eam k\u0131rsal\u0131 Do\u011fu \u011euta\u2019n\u0131n g\u00fcneyine d\u00fc\u015fen Ne\u015f\u015fabiye B\u00f6lgesi ve Hav\u015f Admel K\u00f6y\u00fcnde ter\u00f6ristlerin toplanma yerleri ve mevkilerini hedef ald\u0131klar\u0131n\u0131 belirtti.<\/p>\n<p>Kaynak; operasyonlarda ter\u00f6ristlerin siper ve mevkilerinin imha edilmesiyle say\u0131 ve cephaneleriyle b\u00fcy\u00fck kay\u0131plara u\u011frat\u0131ld\u0131klar\u0131n\u0131 aktard\u0131.<\/p>\n<p>Ayn\u0131 kaynak ordu birliklerimizin Do\u011fu \u011euta\u2019n\u0131n Merc el Sultan ekseninde de yeni ilerlemeler ger\u00e7ekle\u015ftirdiklerini aktard\u0131.<\/p>\n<p>https:\/\/www.youtube.com\/watch?v=AWhKIQUdVWE<\/p>\n<div id='gallery-1' class='gallery galleryid-51057 gallery-columns-2 gallery-size-medium'><figure class='gallery-item'>\n\t\t\t<div class='gallery-icon landscape'>\n\t\t\t\t<a href='https:\/\/archive.sana.sy\/tr\/wp-content\/uploads\/2015\/11\/ordu-1.jpg'><img loading=\"lazy\" decoding=\"async\" width=\"300\" height=\"195\" src=\"https:\/\/archive.sana.sy\/tr\/wp-content\/uploads\/2015\/11\/ordu-1-300x195.jpg\" class=\"attachment-medium size-medium\" alt=\"\" srcset=\"https:\/\/archive.sana.sy\/tr\/wp-content\/uploads\/2015\/11\/ordu-1-300x195.jpg 300w, https:\/\/archive.sana.sy\/tr\/wp-content\/uploads\/2015\/11\/ordu-1-150x98.jpg 150w, https:\/\/archive.sana.sy\/tr\/wp-content\/uploads\/2015\/11\/ordu-1-1024x666.jpg 1024w\" sizes=\"auto, (max-width: 300px) 100vw, 300px\" \/><\/a>\n\t\t\t<\/div><\/figure><figure class='gallery-item'>\n\t\t\t<div class='gallery-icon landscape'>\n\t\t\t\t<a href='https:\/\/archive.sana.sy\/tr\/wp-content\/uploads\/2015\/11\/ordu-2.jpg'><img loading=\"lazy\" decoding=\"async\" width=\"300\" height=\"199\" src=\"https:\/\/archive.sana.sy\/tr\/wp-content\/uploads\/2015\/11\/ordu-2-300x199.jpg\" class=\"attachment-medium size-medium\" alt=\"\" srcset=\"https:\/\/archive.sana.sy\/tr\/wp-content\/uploads\/2015\/11\/ordu-2-300x199.jpg 300w, https:\/\/archive.sana.sy\/tr\/wp-content\/uploads\/2015\/11\/ordu-2-150x100.jpg 150w, https:\/\/archive.sana.sy\/tr\/wp-content\/uploads\/2015\/11\/ordu-2-1024x679.jpg 1024w\" sizes=\"auto, (max-width: 300px) 100vw, 300px\" \/><\/a>\n\t\t\t<\/div><\/figure><figure class='gallery-item'>\n\t\t\t<div class='gallery-icon landscape'>\n\t\t\t\t<a href='https:\/\/archive.sana.sy\/tr\/wp-content\/uploads\/2015\/11\/ordu-3.jpg'><img loading=\"lazy\" decoding=\"async\" width=\"300\" height=\"199\" src=\"https:\/\/archive.sana.sy\/tr\/wp-content\/uploads\/2015\/11\/ordu-3-300x199.jpg\" class=\"attachment-medium size-medium\" alt=\"\" srcset=\"https:\/\/archive.sana.sy\/tr\/wp-content\/uploads\/2015\/11\/ordu-3-300x199.jpg 300w, https:\/\/archive.sana.sy\/tr\/wp-content\/uploads\/2015\/11\/ordu-3-150x100.jpg 150w, https:\/\/archive.sana.sy\/tr\/wp-content\/uploads\/2015\/11\/ordu-3-1024x679.jpg 1024w\" sizes=\"auto, (max-width: 300px) 100vw, 300px\" \/><\/a>\n\t\t\t<\/div><\/figure><figure class='gallery-item'>\n\t\t\t<div class='gallery-icon landscape'>\n\t\t\t\t<a href='https:\/\/archive.sana.sy\/tr\/wp-content\/uploads\/2015\/11\/ordu-4.jpg'><img loading=\"lazy\" decoding=\"async\" width=\"300\" height=\"182\" src=\"https:\/\/archive.sana.sy\/tr\/wp-content\/uploads\/2015\/11\/ordu-4-300x182.jpg\" class=\"attachment-medium size-medium\" alt=\"\" srcset=\"https:\/\/archive.sana.sy\/tr\/wp-content\/uploads\/2015\/11\/ordu-4-300x182.jpg 300w, https:\/\/archive.sana.sy\/tr\/wp-content\/uploads\/2015\/11\/ordu-4-150x91.jpg 150w, https:\/\/archive.sana.sy\/tr\/wp-content\/uploads\/2015\/11\/ordu-4-1024x622.jpg 1024w\" sizes=\"auto, (max-width: 300px) 100vw, 300px\" \/><\/a>\n\t\t\t<\/div><\/figure><figure class='gallery-item'>\n\t\t\t<div class='gallery-icon landscape'>\n\t\t\t\t<a href='https:\/\/archive.sana.sy\/tr\/wp-content\/uploads\/2015\/11\/ordu-5.jpg'><img loading=\"lazy\" decoding=\"async\" width=\"300\" height=\"193\" src=\"https:\/\/archive.sana.sy\/tr\/wp-content\/uploads\/2015\/11\/ordu-5-300x193.jpg\" class=\"attachment-medium size-medium\" alt=\"\" srcset=\"https:\/\/archive.sana.sy\/tr\/wp-content\/uploads\/2015\/11\/ordu-5-300x193.jpg 300w, https:\/\/archive.sana.sy\/tr\/wp-content\/uploads\/2015\/11\/ordu-5-150x96.jpg 150w, https:\/\/archive.sana.sy\/tr\/wp-content\/uploads\/2015\/11\/ordu-5-1024x658.jpg 1024w\" sizes=\"auto, (max-width: 300px) 100vw, 300px\" \/><\/a>\n\t\t\t<\/div><\/figure><figure class='gallery-item'>\n\t\t\t<div class='gallery-icon landscape'>\n\t\t\t\t<a href='https:\/\/archive.sana.sy\/tr\/wp-content\/uploads\/2015\/11\/ordu-6.jpg'><img loading=\"lazy\" decoding=\"async\" width=\"300\" height=\"200\" src=\"https:\/\/archive.sana.sy\/tr\/wp-content\/uploads\/2015\/11\/ordu-6-300x200.jpg\" class=\"attachment-medium size-medium\" alt=\"\" srcset=\"https:\/\/archive.sana.sy\/tr\/wp-content\/uploads\/2015\/11\/ordu-6-300x200.jpg 300w, https:\/\/archive.sana.sy\/tr\/wp-content\/uploads\/2015\/11\/ordu-6-150x100.jpg 150w, https:\/\/archive.sana.sy\/tr\/wp-content\/uploads\/2015\/11\/ordu-6-1024x681.jpg 1024w\" sizes=\"auto, (max-width: 300px) 100vw, 300px\" \/><\/a>\n\t\t\t<\/div><\/figure>\n\t\t<\/div>\n\n<p>R.H.<\/p>\n","protected":false},"excerpt":{"rendered":"<p>\u015eAM KIRSALI \u2013 Askeri kaynak ordu birliklerimizin halk savunma g\u00fc\u00e7leriyle i\u015fbirli\u011fi i\u00e7inde \u015eam k\u0131rsal\u0131 Do\u011fu \u011euta\u2019n\u0131n g\u00fcneyine d\u00fc\u015fen Ne\u015f\u015fabiye B\u00f6lgesi ve Hav\u015f Admel K\u00f6y\u00fcnde ter\u00f6ristlerin toplanma yerleri ve mevkilerini hedef ald\u0131klar\u0131n\u0131 belirtti. Kaynak; operasyonlarda ter\u00f6ristlerin siper ve mevkilerinin imha edilmesiyle say\u0131 ve cephaneleriyle b\u00fcy\u00fck kay\u0131plara u\u011frat\u0131ld\u0131klar\u0131n\u0131 aktard\u0131. Ayn\u0131 kaynak ordu birliklerimizin Do\u011fu \u011euta\u2019n\u0131n Merc el &hellip;<\/p>\n","protected":false},"author":1,"featured_media":51058,"comment_status":"closed","ping_status":"closed","sticky":false,"template":"","format":"standard","meta":{"footnotes":""},"categories":[596],"tags":[17515],"class_list":["post-51057","post","type-post","status-publish","format-standard","has-post-thumbnail","","category-fotografli-raporlar","tag-ordu-birliklerimiz-dogu-gutada-basariyla-ilerliyor"],"_links":{"self":[{"href":"https:\/\/archive.sana.sy\/tr\/index.php?rest_route=\/wp\/v2\/posts\/51057","targetHints":{"allow":["GET"]}}],"collection":[{"href":"https:\/\/archive.sana.sy\/tr\/index.php?rest_route=\/wp\/v2\/posts"}],"about":[{"href":"https:\/\/archive.sana.sy\/tr\/index.php?rest_route=\/wp\/v2\/types\/post"}],"author":[{"embeddable":true,"href":"https:\/\/archive.sana.sy\/tr\/index.php?rest_route=\/wp\/v2\/users\/1"}],"replies":[{"embeddable":true,"href":"https:\/\/archive.sana.sy\/tr\/index.php?rest_route=%2Fwp%2Fv2%2Fcomments&post=51057"}],"version-history":[{"count":0,"href":"https:\/\/archive.sana.sy\/tr\/index.php?rest_route=\/wp\/v2\/posts\/51057\/revisions"}],"wp:featuredmedia":[{"embeddable":true,"href":"https:\/\/archive.sana.sy\/tr\/index.php?rest_route=\/wp\/v2\/media\/51058"}],"wp:attachment":[{"href":"https:\/\/archive.sana.sy\/tr\/index.php?rest_route=%2Fwp%2Fv2%2Fmedia&parent=51057"}],"wp:term":[{"taxonomy":"category","embeddable":true,"href":"https:\/\/archive.sana.sy\/tr\/index.php?rest_route=%2Fwp%2Fv2%2Fcategories&post=51057"},{"taxonomy":"post_tag","embeddable":true,"href":"https:\/\/archive.sana.sy\/tr\/index.php?rest_route=%2Fwp%2Fv2%2Ftags&post=51057"}],"curies":[{"name":"wp","href":"https:\/\/api.w.org\/{rel}","templated":true}]}}