{"id":51080,"date":"2015-11-01T09:23:43","date_gmt":"2015-11-01T07:23:43","guid":{"rendered":"http:\/\/www.sana.sy\/tr\/?p=51080"},"modified":"2015-11-01T13:32:37","modified_gmt":"2015-11-01T11:32:37","slug":"sanaya-aciklama-yapan-askeri-kaynak-ordu-birliklerimizin-idlib-kirsalinin-guneydogusunda-turkiyedeki-erdogan-rejimi-tarafindan-desteklenen-ve-suudi-rejimi-tarafindan-finanse-edilen","status":"publish","type":"post","link":"https:\/\/archive.sana.sy\/tr\/?p=51080","title":{"rendered":"SANA\u2019ya a\u00e7\u0131klama yapan askeri kaynak ordu birliklerimizin \u0130dlib k\u0131rsal\u0131n\u0131n g\u00fcneydo\u011fusunda T\u00fcrkiye&#8217;deki Erdo\u011fan rejimi taraf\u0131ndan desteklenen ve Suudi rejimi taraf\u0131ndan finanse edilen \u2018Fetih Ordusu\u2019 tekfircilerinden 16 ter\u00f6risti \u00f6ld\u00fcrd\u00fcklerini belirtti."},"content":{"rendered":"<p>SANA\u2019ya a\u00e7\u0131klama yapan askeri kaynak ordu birliklerimizin \u0130dlib k\u0131rsal\u0131n\u0131n g\u00fcneydo\u011fusunda T\u00fcrkiye&#8217;deki Erdo\u011fan rejimi taraf\u0131ndan desteklenen ve Suudi rejimi taraf\u0131ndan finanse edilen \u2018Fetih Ordusu\u2019 tekfircilerinden 16 ter\u00f6risti \u00f6ld\u00fcrd\u00fcklerini belirtti.<\/p>\n","protected":false},"excerpt":{"rendered":"<p>SANA\u2019ya a\u00e7\u0131klama yapan askeri kaynak ordu birliklerimizin \u0130dlib k\u0131rsal\u0131n\u0131n g\u00fcneydo\u011fusunda T\u00fcrkiye&#8217;deki Erdo\u011fan rejimi taraf\u0131ndan desteklenen ve Suudi rejimi taraf\u0131ndan finanse edilen \u2018Fetih Ordusu\u2019 tekfircilerinden 16 ter\u00f6risti \u00f6ld\u00fcrd\u00fcklerini belirtti.<\/p>\n","protected":false},"author":1,"featured_media":0,"comment_status":"closed","ping_status":"closed","sticky":false,"template":"","format":"standard","meta":{"footnotes":""},"categories":[1],"tags":[],"class_list":["post-51080","post","type-post","status-publish","format-standard","","category-news-not-sorted"],"_links":{"self":[{"href":"https:\/\/archive.sana.sy\/tr\/index.php?rest_route=\/wp\/v2\/posts\/51080","targetHints":{"allow":["GET"]}}],"collection":[{"href":"https:\/\/archive.sana.sy\/tr\/index.php?rest_route=\/wp\/v2\/posts"}],"about":[{"href":"https:\/\/archive.sana.sy\/tr\/index.php?rest_route=\/wp\/v2\/types\/post"}],"author":[{"embeddable":true,"href":"https:\/\/archive.sana.sy\/tr\/index.php?rest_route=\/wp\/v2\/users\/1"}],"replies":[{"embeddable":true,"href":"https:\/\/archive.sana.sy\/tr\/index.php?rest_route=%2Fwp%2Fv2%2Fcomments&post=51080"}],"version-history":[{"count":0,"href":"https:\/\/archive.sana.sy\/tr\/index.php?rest_route=\/wp\/v2\/posts\/51080\/revisions"}],"wp:attachment":[{"href":"https:\/\/archive.sana.sy\/tr\/index.php?rest_route=%2Fwp%2Fv2%2Fmedia&parent=51080"}],"wp:term":[{"taxonomy":"category","embeddable":true,"href":"https:\/\/archive.sana.sy\/tr\/index.php?rest_route=%2Fwp%2Fv2%2Fcategories&post=51080"},{"taxonomy":"post_tag","embeddable":true,"href":"https:\/\/archive.sana.sy\/tr\/index.php?rest_route=%2Fwp%2Fv2%2Ftags&post=51080"}],"curies":[{"name":"wp","href":"https:\/\/api.w.org\/{rel}","templated":true}]}}