{"id":51101,"date":"2015-11-01T14:12:47","date_gmt":"2015-11-01T12:12:47","guid":{"rendered":"http:\/\/www.sana.sy\/tr\/?p=51101"},"modified":"2015-11-01T14:13:41","modified_gmt":"2015-11-01T12:13:41","slug":"sanaya-aciklama-yapan-askeri-bir-kaynak-ordu-birliklerimizin-lazkiye-kirsalinin-kuzeyinde-gmam-koyu-ve-dagini-erdogan-cetelerinden-temizleyerek-kontrol-ve-guvenligi-eline-gecirdigini-belirtti","status":"publish","type":"post","link":"https:\/\/archive.sana.sy\/tr\/?p=51101","title":{"rendered":"SANA\u2019ya a\u00e7\u0131klama yapan askeri bir kaynak ordu birliklerimizin Lazkiye k\u0131rsal\u0131n\u0131n kuzeyinde \u011emam K\u00f6y\u00fc ve Da\u011f\u0131n\u0131 Erdo\u011fan \u00e7etelerinden temizleyerek kontrol ve g\u00fcvenli\u011fi eline ge\u00e7irdi\u011fini belirtti."},"content":{"rendered":"<p>SANA\u2019ya a\u00e7\u0131klama yapan askeri bir kaynak ordu birliklerimizin Lazkiye k\u0131rsal\u0131n\u0131n kuzeyinde \u011emam K\u00f6y\u00fc ve Da\u011f\u0131n\u0131 Erdo\u011fan \u00e7etelerinden temizleyerek kontrol ve g\u00fcvenli\u011fi eline ge\u00e7irdi\u011fini belirtti.<\/p>\n","protected":false},"excerpt":{"rendered":"<p>SANA\u2019ya a\u00e7\u0131klama yapan askeri bir kaynak ordu birliklerimizin Lazkiye k\u0131rsal\u0131n\u0131n kuzeyinde \u011emam K\u00f6y\u00fc ve Da\u011f\u0131n\u0131 Erdo\u011fan \u00e7etelerinden temizleyerek kontrol ve g\u00fcvenli\u011fi eline ge\u00e7irdi\u011fini belirtti.<\/p>\n","protected":false},"author":1,"featured_media":0,"comment_status":"closed","ping_status":"closed","sticky":false,"template":"","format":"standard","meta":{"footnotes":""},"categories":[1],"tags":[],"class_list":["post-51101","post","type-post","status-publish","format-standard","","category-news-not-sorted"],"_links":{"self":[{"href":"https:\/\/archive.sana.sy\/tr\/index.php?rest_route=\/wp\/v2\/posts\/51101","targetHints":{"allow":["GET"]}}],"collection":[{"href":"https:\/\/archive.sana.sy\/tr\/index.php?rest_route=\/wp\/v2\/posts"}],"about":[{"href":"https:\/\/archive.sana.sy\/tr\/index.php?rest_route=\/wp\/v2\/types\/post"}],"author":[{"embeddable":true,"href":"https:\/\/archive.sana.sy\/tr\/index.php?rest_route=\/wp\/v2\/users\/1"}],"replies":[{"embeddable":true,"href":"https:\/\/archive.sana.sy\/tr\/index.php?rest_route=%2Fwp%2Fv2%2Fcomments&post=51101"}],"version-history":[{"count":0,"href":"https:\/\/archive.sana.sy\/tr\/index.php?rest_route=\/wp\/v2\/posts\/51101\/revisions"}],"wp:attachment":[{"href":"https:\/\/archive.sana.sy\/tr\/index.php?rest_route=%2Fwp%2Fv2%2Fmedia&parent=51101"}],"wp:term":[{"taxonomy":"category","embeddable":true,"href":"https:\/\/archive.sana.sy\/tr\/index.php?rest_route=%2Fwp%2Fv2%2Fcategories&post=51101"},{"taxonomy":"post_tag","embeddable":true,"href":"https:\/\/archive.sana.sy\/tr\/index.php?rest_route=%2Fwp%2Fv2%2Ftags&post=51101"}],"curies":[{"name":"wp","href":"https:\/\/api.w.org\/{rel}","templated":true}]}}