{"id":51118,"date":"2015-11-01T14:53:33","date_gmt":"2015-11-01T12:53:33","guid":{"rendered":"http:\/\/www.sana.sy\/tr\/?p=51118"},"modified":"2015-11-01T14:53:33","modified_gmt":"2015-11-01T12:53:33","slug":"nebik-hentbol-sampiyonasi-sona-erdi","status":"publish","type":"post","link":"https:\/\/archive.sana.sy\/tr\/?p=51118","title":{"rendered":"Nebik Hentbol \u015eampiyonas\u0131 Sona Erdi"},"content":{"rendered":"<p>\u015eAM KIRSALI \u2013 \u015eam k\u0131rsal\u0131n\u0131n Nebik Kentinde \u2018G\u00fczel Tohum Ekti\u011fimiz Kadar G\u00fczel Meyve Bi\u00e7eriz\u2019 slogan\u0131 alt\u0131nda d\u00fczenlenen gen\u00e7 hentbol \u015fampiyonas\u0131 faaliyetleri d\u00fcn sona erdi.<\/p>\n<p>Suriye&#8217;nin muhtelif b\u00f6lgelerinden Polis, Tartus, Kunaytra, \u015eam, Hama, Homs ve Nebik hentbol tak\u0131mlar\u0131n\u0131n kat\u0131ld\u0131\u011f\u0131 \u015fampiyonada birincili\u011fi Nebik tak\u0131m\u0131 al\u0131rken, ikincili\u011fi Homs, \u00fc\u00e7\u00fcnc\u00fcl\u00fc\u011f\u00fc de Kunaytra tak\u0131mlar\u0131 ald\u0131.<\/p>\n<div id='gallery-1' class='gallery galleryid-51118 gallery-columns-3 gallery-size-thumbnail'><figure class='gallery-item'>\n\t\t\t<div class='gallery-icon landscape'>\n\t\t\t\t<a href='https:\/\/archive.sana.sy\/tr\/wp-content\/uploads\/2015\/11\/2.jpg'><img loading=\"lazy\" decoding=\"async\" width=\"150\" height=\"93\" src=\"https:\/\/archive.sana.sy\/tr\/wp-content\/uploads\/2015\/11\/2-150x93.jpg\" class=\"attachment-thumbnail size-thumbnail\" alt=\"\" srcset=\"https:\/\/archive.sana.sy\/tr\/wp-content\/uploads\/2015\/11\/2-150x93.jpg 150w, https:\/\/archive.sana.sy\/tr\/wp-content\/uploads\/2015\/11\/2-300x186.jpg 300w, https:\/\/archive.sana.sy\/tr\/wp-content\/uploads\/2015\/11\/2-1024x633.jpg 1024w, https:\/\/archive.sana.sy\/tr\/wp-content\/uploads\/2015\/11\/2.jpg 1538w\" sizes=\"auto, (max-width: 150px) 100vw, 150px\" \/><\/a>\n\t\t\t<\/div><\/figure><figure class='gallery-item'>\n\t\t\t<div class='gallery-icon landscape'>\n\t\t\t\t<a href='https:\/\/archive.sana.sy\/tr\/wp-content\/uploads\/2015\/11\/3.jpg'><img loading=\"lazy\" decoding=\"async\" width=\"150\" height=\"95\" src=\"https:\/\/archive.sana.sy\/tr\/wp-content\/uploads\/2015\/11\/3-150x95.jpg\" class=\"attachment-thumbnail size-thumbnail\" alt=\"\" srcset=\"https:\/\/archive.sana.sy\/tr\/wp-content\/uploads\/2015\/11\/3-150x95.jpg 150w, https:\/\/archive.sana.sy\/tr\/wp-content\/uploads\/2015\/11\/3-300x190.jpg 300w, https:\/\/archive.sana.sy\/tr\/wp-content\/uploads\/2015\/11\/3.jpg 509w\" sizes=\"auto, (max-width: 150px) 100vw, 150px\" \/><\/a>\n\t\t\t<\/div><\/figure><figure class='gallery-item'>\n\t\t\t<div class='gallery-icon landscape'>\n\t\t\t\t<a href='https:\/\/archive.sana.sy\/tr\/wp-content\/uploads\/2015\/11\/4.jpg'><img loading=\"lazy\" decoding=\"async\" width=\"150\" height=\"94\" src=\"https:\/\/archive.sana.sy\/tr\/wp-content\/uploads\/2015\/11\/4-150x94.jpg\" class=\"attachment-thumbnail size-thumbnail\" alt=\"\" srcset=\"https:\/\/archive.sana.sy\/tr\/wp-content\/uploads\/2015\/11\/4-150x94.jpg 150w, https:\/\/archive.sana.sy\/tr\/wp-content\/uploads\/2015\/11\/4-300x189.jpg 300w, https:\/\/archive.sana.sy\/tr\/wp-content\/uploads\/2015\/11\/4.jpg 429w\" sizes=\"auto, (max-width: 150px) 100vw, 150px\" \/><\/a>\n\t\t\t<\/div><\/figure><figure class='gallery-item'>\n\t\t\t<div class='gallery-icon portrait'>\n\t\t\t\t<a href='https:\/\/archive.sana.sy\/tr\/wp-content\/uploads\/2015\/11\/5.jpg'><img loading=\"lazy\" decoding=\"async\" width=\"101\" height=\"150\" src=\"https:\/\/archive.sana.sy\/tr\/wp-content\/uploads\/2015\/11\/5-101x150.jpg\" class=\"attachment-thumbnail size-thumbnail\" alt=\"\" srcset=\"https:\/\/archive.sana.sy\/tr\/wp-content\/uploads\/2015\/11\/5-101x150.jpg 101w, https:\/\/archive.sana.sy\/tr\/wp-content\/uploads\/2015\/11\/5-203x300.jpg 203w, https:\/\/archive.sana.sy\/tr\/wp-content\/uploads\/2015\/11\/5.jpg 480w\" sizes=\"auto, (max-width: 101px) 100vw, 101px\" \/><\/a>\n\t\t\t<\/div><\/figure><figure class='gallery-item'>\n\t\t\t<div class='gallery-icon landscape'>\n\t\t\t\t<a href='https:\/\/archive.sana.sy\/tr\/wp-content\/uploads\/2015\/11\/6.jpg'><img loading=\"lazy\" decoding=\"async\" width=\"150\" height=\"102\" src=\"https:\/\/archive.sana.sy\/tr\/wp-content\/uploads\/2015\/11\/6-150x102.jpg\" class=\"attachment-thumbnail size-thumbnail\" alt=\"\" srcset=\"https:\/\/archive.sana.sy\/tr\/wp-content\/uploads\/2015\/11\/6-150x102.jpg 150w, https:\/\/archive.sana.sy\/tr\/wp-content\/uploads\/2015\/11\/6-300x203.jpg 300w, https:\/\/archive.sana.sy\/tr\/wp-content\/uploads\/2015\/11\/6-1024x694.jpg 1024w, https:\/\/archive.sana.sy\/tr\/wp-content\/uploads\/2015\/11\/6.jpg 1505w\" sizes=\"auto, (max-width: 150px) 100vw, 150px\" \/><\/a>\n\t\t\t<\/div><\/figure><figure class='gallery-item'>\n\t\t\t<div class='gallery-icon landscape'>\n\t\t\t\t<a href='https:\/\/archive.sana.sy\/tr\/wp-content\/uploads\/2015\/11\/7.jpg'><img loading=\"lazy\" decoding=\"async\" width=\"150\" height=\"113\" src=\"https:\/\/archive.sana.sy\/tr\/wp-content\/uploads\/2015\/11\/7-150x113.jpg\" class=\"attachment-thumbnail size-thumbnail\" alt=\"\" srcset=\"https:\/\/archive.sana.sy\/tr\/wp-content\/uploads\/2015\/11\/7-150x113.jpg 150w, https:\/\/archive.sana.sy\/tr\/wp-content\/uploads\/2015\/11\/7-300x225.jpg 300w, https:\/\/archive.sana.sy\/tr\/wp-content\/uploads\/2015\/11\/7-1024x768.jpg 1024w, https:\/\/archive.sana.sy\/tr\/wp-content\/uploads\/2015\/11\/7.jpg 1600w\" sizes=\"auto, (max-width: 150px) 100vw, 150px\" \/><\/a>\n\t\t\t<\/div><\/figure>\n\t\t<\/div>\n\n","protected":false},"excerpt":{"rendered":"<p>\u015eAM KIRSALI \u2013 \u015eam k\u0131rsal\u0131n\u0131n Nebik Kentinde \u2018G\u00fczel Tohum Ekti\u011fimiz Kadar G\u00fczel Meyve Bi\u00e7eriz\u2019 slogan\u0131 alt\u0131nda d\u00fczenlenen gen\u00e7 hentbol \u015fampiyonas\u0131 faaliyetleri d\u00fcn sona erdi. Suriye&#8217;nin muhtelif b\u00f6lgelerinden Polis, Tartus, Kunaytra, \u015eam, Hama, Homs ve Nebik hentbol tak\u0131mlar\u0131n\u0131n kat\u0131ld\u0131\u011f\u0131 \u015fampiyonada birincili\u011fi Nebik tak\u0131m\u0131 al\u0131rken, ikincili\u011fi Homs, \u00fc\u00e7\u00fcnc\u00fcl\u00fc\u011f\u00fc de Kunaytra tak\u0131mlar\u0131 ald\u0131.<\/p>\n","protected":false},"author":1,"featured_media":51126,"comment_status":"closed","ping_status":"closed","sticky":false,"template":"","format":"standard","meta":{"footnotes":""},"categories":[596,496,538,497],"tags":[],"class_list":["post-51118","post","type-post","status-publish","format-standard","has-post-thumbnail","","category-fotografli-raporlar","category-spor","category-yasam","category-yerel-turnuvalar"],"_links":{"self":[{"href":"https:\/\/archive.sana.sy\/tr\/index.php?rest_route=\/wp\/v2\/posts\/51118","targetHints":{"allow":["GET"]}}],"collection":[{"href":"https:\/\/archive.sana.sy\/tr\/index.php?rest_route=\/wp\/v2\/posts"}],"about":[{"href":"https:\/\/archive.sana.sy\/tr\/index.php?rest_route=\/wp\/v2\/types\/post"}],"author":[{"embeddable":true,"href":"https:\/\/archive.sana.sy\/tr\/index.php?rest_route=\/wp\/v2\/users\/1"}],"replies":[{"embeddable":true,"href":"https:\/\/archive.sana.sy\/tr\/index.php?rest_route=%2Fwp%2Fv2%2Fcomments&post=51118"}],"version-history":[{"count":0,"href":"https:\/\/archive.sana.sy\/tr\/index.php?rest_route=\/wp\/v2\/posts\/51118\/revisions"}],"wp:featuredmedia":[{"embeddable":true,"href":"https:\/\/archive.sana.sy\/tr\/index.php?rest_route=\/wp\/v2\/media\/51126"}],"wp:attachment":[{"href":"https:\/\/archive.sana.sy\/tr\/index.php?rest_route=%2Fwp%2Fv2%2Fmedia&parent=51118"}],"wp:term":[{"taxonomy":"category","embeddable":true,"href":"https:\/\/archive.sana.sy\/tr\/index.php?rest_route=%2Fwp%2Fv2%2Fcategories&post=51118"},{"taxonomy":"post_tag","embeddable":true,"href":"https:\/\/archive.sana.sy\/tr\/index.php?rest_route=%2Fwp%2Fv2%2Ftags&post=51118"}],"curies":[{"name":"wp","href":"https:\/\/api.w.org\/{rel}","templated":true}]}}