{"id":51161,"date":"2015-11-02T12:31:18","date_gmt":"2015-11-02T10:31:18","guid":{"rendered":"http:\/\/sana.sy\/tr\/?p=51161"},"modified":"2015-11-02T12:31:18","modified_gmt":"2015-11-02T10:31:18","slug":"harp-akademisi-mezunlarina-toren-duzenlendi","status":"publish","type":"post","link":"https:\/\/archive.sana.sy\/tr\/?p=51161","title":{"rendered":"Harp Akademisi Mezunlar\u0131na T\u00f6ren D\u00fczenlendi"},"content":{"rendered":"<p>HOMS \u2013 Homs\u2019ta Harp Akademisinden muhtelif ihtisaslarla mezun olan \u00f6\u011frencilere d\u00fcn Cumhurba\u015fkan\u0131 Be\u015f\u015far el Esad\u2019\u0131n g\u00f6zetiminde mezuniyet t\u00f6reni d\u00fczenlendi.<\/p>\n<p>El Esad\u2019\u0131n ad\u0131na niyabetten Akademi M\u00fcd\u00fcr\u00fcn\u00fcn yer ald\u0131\u011f\u0131 t\u00f6ren \u015fehitler ad\u0131na bir dakikal\u0131k sayg\u0131 duru\u015fu ve ulusal mar\u015ftan sonra mezunlar askeri bir sunum takdim etti.<\/p>\n<p>Ard\u0131ndan akademi m\u00fcd\u00fcr\u00fc konu\u015fmas\u0131nda el Esad\u2019\u0131n mezunlara iyi dileklerini ifade ederek, akademide kazan\u0131lan dene\u011fim ve bilgiye i\u015faret etti. Akademi M\u00fcd\u00fcr\u00fc Suriye&#8217;nin her daim onurlu ve egemen bir devlet kalaca\u011f\u0131n\u0131 ifade ederek yurtsever Suriye halk\u0131 ve \u015fanl\u0131 ordusunun vatan\u0131 savunmak i\u00e7in her fedakarl\u0131\u011fa haz\u0131r olduklar\u0131n\u0131 belirtti.<\/p>\n<p>\u015eehitlerimizi \u00f6l\u00fcms\u00fczle\u015ftirme an\u0131s\u0131na \u015eehit \u00dcste\u011fmen Ahmet Ali Vatfa ad\u0131n\u0131 alan mezuniyet devresi t\u00f6reninin sonunda mezunlara ba\u015far\u0131 belgeleri da\u011f\u0131t\u0131ld\u0131.<\/p>\n<div id='gallery-1' class='gallery galleryid-51161 gallery-columns-3 gallery-size-medium'><figure class='gallery-item'>\n\t\t\t<div class='gallery-icon landscape'>\n\t\t\t\t<a href='https:\/\/archive.sana.sy\/tr\/wp-content\/uploads\/2015\/11\/Harp-Akademisi-2.jpg'><img loading=\"lazy\" decoding=\"async\" width=\"300\" height=\"199\" src=\"https:\/\/archive.sana.sy\/tr\/wp-content\/uploads\/2015\/11\/Harp-Akademisi-2-300x199.jpg\" class=\"attachment-medium size-medium\" alt=\"\" srcset=\"https:\/\/archive.sana.sy\/tr\/wp-content\/uploads\/2015\/11\/Harp-Akademisi-2-300x199.jpg 300w, https:\/\/archive.sana.sy\/tr\/wp-content\/uploads\/2015\/11\/Harp-Akademisi-2-150x99.jpg 150w, https:\/\/archive.sana.sy\/tr\/wp-content\/uploads\/2015\/11\/Harp-Akademisi-2.jpg 1000w\" sizes=\"auto, (max-width: 300px) 100vw, 300px\" \/><\/a>\n\t\t\t<\/div><\/figure><figure class='gallery-item'>\n\t\t\t<div class='gallery-icon landscape'>\n\t\t\t\t<a href='https:\/\/archive.sana.sy\/tr\/wp-content\/uploads\/2015\/11\/Harp-Akademisi-3.jpg'><img loading=\"lazy\" decoding=\"async\" width=\"300\" height=\"199\" src=\"https:\/\/archive.sana.sy\/tr\/wp-content\/uploads\/2015\/11\/Harp-Akademisi-3-300x199.jpg\" class=\"attachment-medium size-medium\" alt=\"\" srcset=\"https:\/\/archive.sana.sy\/tr\/wp-content\/uploads\/2015\/11\/Harp-Akademisi-3-300x199.jpg 300w, https:\/\/archive.sana.sy\/tr\/wp-content\/uploads\/2015\/11\/Harp-Akademisi-3-150x99.jpg 150w, https:\/\/archive.sana.sy\/tr\/wp-content\/uploads\/2015\/11\/Harp-Akademisi-3.jpg 1000w\" sizes=\"auto, (max-width: 300px) 100vw, 300px\" \/><\/a>\n\t\t\t<\/div><\/figure><figure class='gallery-item'>\n\t\t\t<div class='gallery-icon landscape'>\n\t\t\t\t<a href='https:\/\/archive.sana.sy\/tr\/wp-content\/uploads\/2015\/11\/Harp-Akademisi-4.jpg'><img loading=\"lazy\" decoding=\"async\" width=\"300\" height=\"199\" src=\"https:\/\/archive.sana.sy\/tr\/wp-content\/uploads\/2015\/11\/Harp-Akademisi-4-300x199.jpg\" class=\"attachment-medium size-medium\" alt=\"\" srcset=\"https:\/\/archive.sana.sy\/tr\/wp-content\/uploads\/2015\/11\/Harp-Akademisi-4-300x199.jpg 300w, https:\/\/archive.sana.sy\/tr\/wp-content\/uploads\/2015\/11\/Harp-Akademisi-4-150x99.jpg 150w, https:\/\/archive.sana.sy\/tr\/wp-content\/uploads\/2015\/11\/Harp-Akademisi-4.jpg 1000w\" sizes=\"auto, (max-width: 300px) 100vw, 300px\" \/><\/a>\n\t\t\t<\/div><\/figure>\n\t\t<\/div>\n\nR.H.<\/p>\n","protected":false},"excerpt":{"rendered":"<p>HOMS \u2013 Homs\u2019ta Harp Akademisinden muhtelif ihtisaslarla mezun olan \u00f6\u011frencilere d\u00fcn Cumhurba\u015fkan\u0131 Be\u015f\u015far el Esad\u2019\u0131n g\u00f6zetiminde mezuniyet t\u00f6reni d\u00fczenlendi. El Esad\u2019\u0131n ad\u0131na niyabetten Akademi M\u00fcd\u00fcr\u00fcn\u00fcn yer ald\u0131\u011f\u0131 t\u00f6ren \u015fehitler ad\u0131na bir dakikal\u0131k sayg\u0131 duru\u015fu ve ulusal mar\u015ftan sonra mezunlar askeri bir sunum takdim etti. Ard\u0131ndan akademi m\u00fcd\u00fcr\u00fc konu\u015fmas\u0131nda el Esad\u2019\u0131n mezunlara iyi dileklerini ifade ederek, &hellip;<\/p>\n","protected":false},"author":1,"featured_media":51163,"comment_status":"closed","ping_status":"closed","sticky":false,"template":"","format":"standard","meta":{"footnotes":""},"categories":[479,478],"tags":[17528],"class_list":["post-51161","post","type-post","status-publish","format-standard","has-post-thumbnail","","category-haberler-yerel","category-yerel","tag-harp-akademisi-mezunlarina-toren-duzenlendi"],"_links":{"self":[{"href":"https:\/\/archive.sana.sy\/tr\/index.php?rest_route=\/wp\/v2\/posts\/51161","targetHints":{"allow":["GET"]}}],"collection":[{"href":"https:\/\/archive.sana.sy\/tr\/index.php?rest_route=\/wp\/v2\/posts"}],"about":[{"href":"https:\/\/archive.sana.sy\/tr\/index.php?rest_route=\/wp\/v2\/types\/post"}],"author":[{"embeddable":true,"href":"https:\/\/archive.sana.sy\/tr\/index.php?rest_route=\/wp\/v2\/users\/1"}],"replies":[{"embeddable":true,"href":"https:\/\/archive.sana.sy\/tr\/index.php?rest_route=%2Fwp%2Fv2%2Fcomments&post=51161"}],"version-history":[{"count":0,"href":"https:\/\/archive.sana.sy\/tr\/index.php?rest_route=\/wp\/v2\/posts\/51161\/revisions"}],"wp:featuredmedia":[{"embeddable":true,"href":"https:\/\/archive.sana.sy\/tr\/index.php?rest_route=\/wp\/v2\/media\/51163"}],"wp:attachment":[{"href":"https:\/\/archive.sana.sy\/tr\/index.php?rest_route=%2Fwp%2Fv2%2Fmedia&parent=51161"}],"wp:term":[{"taxonomy":"category","embeddable":true,"href":"https:\/\/archive.sana.sy\/tr\/index.php?rest_route=%2Fwp%2Fv2%2Fcategories&post=51161"},{"taxonomy":"post_tag","embeddable":true,"href":"https:\/\/archive.sana.sy\/tr\/index.php?rest_route=%2Fwp%2Fv2%2Ftags&post=51161"}],"curies":[{"name":"wp","href":"https:\/\/api.w.org\/{rel}","templated":true}]}}