{"id":51181,"date":"2015-11-02T12:51:20","date_gmt":"2015-11-02T10:51:20","guid":{"rendered":"http:\/\/sana.sy\/tr\/?p=51181"},"modified":"2015-11-02T13:51:59","modified_gmt":"2015-11-02T11:51:59","slug":"hicbir-ihtimal-uzak-degildir","status":"publish","type":"post","link":"https:\/\/archive.sana.sy\/tr\/?p=51181","title":{"rendered":"Hi\u00e7bir \u0130htimal Uzak De\u011fildir"},"content":{"rendered":"<p>MOSKOVA \u2013 Rusya Ba\u015fkanl\u0131k Saray\u0131 Kremlin, M\u0131s\u0131r\u2019\u0131n Sina B\u00f6lgesinde d\u00fc\u015fen Rus yolcu u\u00e7a\u011f\u0131 konusunda ter\u00f6r eylemi dahil hi\u00e7bir ihtimali uzak tutmad\u0131\u011f\u0131n\u0131 belirtti.<\/p>\n<p>Rusya Ba\u015fkanl\u0131k Saray\u0131 Kremlin\u2019in resmi s\u00f6zc\u00fcs\u00fc Dimitry Peskov; \u015fu ana dek soru\u015fturma ve ara\u015ft\u0131rmalarda t\u00fcm ihtimallerin yer ald\u0131\u011f\u0131na i\u015faret ederken, nihai sonu\u00e7lar\u0131n sab\u0131rla beklenmesi ve herhangi bir tahminde bulunulmamas\u0131 \u00e7a\u011fr\u0131s\u0131nda bulundu.<\/p>\n<p>U\u00e7a\u011f\u0131n tabi oldu\u011fu Rus \u015firket ise u\u00e7akta herhangi bir teknik ar\u0131zan\u0131n olmad\u0131\u011f\u0131n\u0131 belirtirken, d\u0131\u015f etkenlerden dolay\u0131 d\u00fc\u015fm\u00fc\u015f olma ihtimalini y\u00fcksek tuttu.<\/p>\n<p>\u015eirket u\u00e7a\u011f\u0131n yere d\u00fc\u015fmeden \u00f6nce par\u00e7alanm\u0131\u015f olmas\u0131n\u0131n, teknik ar\u0131zadan dolay\u0131 de\u011fil de d\u0131\u015f etkenlerden dolay\u0131 d\u00fc\u015fme ihtimalini y\u00fcksek tuttu\u011funa dikkat \u00e7ekti.<\/p>\n<p>R.H.<\/p>\n","protected":false},"excerpt":{"rendered":"<p>MOSKOVA \u2013 Rusya Ba\u015fkanl\u0131k Saray\u0131 Kremlin, M\u0131s\u0131r\u2019\u0131n Sina B\u00f6lgesinde d\u00fc\u015fen Rus yolcu u\u00e7a\u011f\u0131 konusunda ter\u00f6r eylemi dahil hi\u00e7bir ihtimali uzak tutmad\u0131\u011f\u0131n\u0131 belirtti. Rusya Ba\u015fkanl\u0131k Saray\u0131 Kremlin\u2019in resmi s\u00f6zc\u00fcs\u00fc Dimitry Peskov; \u015fu ana dek soru\u015fturma ve ara\u015ft\u0131rmalarda t\u00fcm ihtimallerin yer ald\u0131\u011f\u0131na i\u015faret ederken, nihai sonu\u00e7lar\u0131n sab\u0131rla beklenmesi ve herhangi bir tahminde bulunulmamas\u0131 \u00e7a\u011fr\u0131s\u0131nda bulundu. U\u00e7a\u011f\u0131n tabi &hellip;<\/p>\n","protected":false},"author":1,"featured_media":51185,"comment_status":"closed","ping_status":"closed","sticky":false,"template":"","format":"standard","meta":{"footnotes":""},"categories":[458,459,447],"tags":[17529],"class_list":["post-51181","post","type-post","status-publish","format-standard","has-post-thumbnail","","category-dunya1","category-haberler-arap-uluslararasi-politika","category-politika","tag-hicbir-ihtimal-uzak-degildir"],"_links":{"self":[{"href":"https:\/\/archive.sana.sy\/tr\/index.php?rest_route=\/wp\/v2\/posts\/51181","targetHints":{"allow":["GET"]}}],"collection":[{"href":"https:\/\/archive.sana.sy\/tr\/index.php?rest_route=\/wp\/v2\/posts"}],"about":[{"href":"https:\/\/archive.sana.sy\/tr\/index.php?rest_route=\/wp\/v2\/types\/post"}],"author":[{"embeddable":true,"href":"https:\/\/archive.sana.sy\/tr\/index.php?rest_route=\/wp\/v2\/users\/1"}],"replies":[{"embeddable":true,"href":"https:\/\/archive.sana.sy\/tr\/index.php?rest_route=%2Fwp%2Fv2%2Fcomments&post=51181"}],"version-history":[{"count":0,"href":"https:\/\/archive.sana.sy\/tr\/index.php?rest_route=\/wp\/v2\/posts\/51181\/revisions"}],"wp:featuredmedia":[{"embeddable":true,"href":"https:\/\/archive.sana.sy\/tr\/index.php?rest_route=\/wp\/v2\/media\/51185"}],"wp:attachment":[{"href":"https:\/\/archive.sana.sy\/tr\/index.php?rest_route=%2Fwp%2Fv2%2Fmedia&parent=51181"}],"wp:term":[{"taxonomy":"category","embeddable":true,"href":"https:\/\/archive.sana.sy\/tr\/index.php?rest_route=%2Fwp%2Fv2%2Fcategories&post=51181"},{"taxonomy":"post_tag","embeddable":true,"href":"https:\/\/archive.sana.sy\/tr\/index.php?rest_route=%2Fwp%2Fv2%2Ftags&post=51181"}],"curies":[{"name":"wp","href":"https:\/\/api.w.org\/{rel}","templated":true}]}}