{"id":51215,"date":"2015-11-02T15:21:14","date_gmt":"2015-11-02T13:21:14","guid":{"rendered":"http:\/\/www.sana.sy\/tr\/?p=51215"},"modified":"2015-11-02T15:22:10","modified_gmt":"2015-11-02T13:22:10","slug":"sivil-faaliyetler-daha-etkin-bir-rol-oynayabilir","status":"publish","type":"post","link":"https:\/\/archive.sana.sy\/tr\/?p=51215","title":{"rendered":"Sivil Faaliyetler Daha Etkin Bir Rol Oynayabilir"},"content":{"rendered":"<p>KUNAYTRA \u2013 Ulusal Uzla\u015fma \u0130\u015flerinden Sorumlu Devlet Bakan\u0131 Ali Haydar Kunaytra\u2019da sivil ve halk faaliyetlerini yerel ve sosyal rollerini etkinle\u015ftirip ulusal uzla\u015fmalarda daha etkin bir g\u00f6rev \u00fcstlenmelerine \u00e7a\u011f\u0131rd\u0131.<\/p>\n<p><a href=\"http:\/\/www.sana.sy\/tr\/wp-content\/uploads\/2015\/11\/210.jpg\"><img loading=\"lazy\" decoding=\"async\" class=\"alignright wp-image-51219 size-medium\" src=\"http:\/\/www.sana.sy\/tr\/wp-content\/uploads\/2015\/11\/210-300x170.jpg\" alt=\"2\" width=\"300\" height=\"170\" srcset=\"https:\/\/archive.sana.sy\/tr\/wp-content\/uploads\/2015\/11\/210-300x170.jpg 300w, https:\/\/archive.sana.sy\/tr\/wp-content\/uploads\/2015\/11\/210-150x85.jpg 150w, https:\/\/archive.sana.sy\/tr\/wp-content\/uploads\/2015\/11\/210-1024x580.jpg 1024w, https:\/\/archive.sana.sy\/tr\/wp-content\/uploads\/2015\/11\/210.jpg 1600w\" sizes=\"auto, (max-width: 300px) 100vw, 300px\" \/><\/a>Kunaytra\u2019da bug\u00fcn milletvekilleri ve il meclisi \u00fcyelerine ilaveten sosyal, ekonomik ve siyasi faaliyetlerin kat\u0131ld\u0131klar\u0131 Ulusal Uzla\u015fma Forumunda konu\u015fan Bakan Haydar; silahlar\u0131n\u0131 teslim eden, teslim etmek isteyen, tutuklu, tehcir edilen veya ka\u00e7\u0131r\u0131lan vatanda\u015flar\u0131n dosyalar\u0131nda sosyal faaliyetlerin \u00f6nemli bir rol oynayabileceklerine dikkat \u00e7ekti. Haydar bakanl\u0131\u011f\u0131n Suriye&#8217;nin savunulmas\u0131, ulusal ilkelere tutunma ve halk\u0131n korunup \u00e7\u0131karlar\u0131n\u0131n g\u00f6zetlenmesi \u00e7abalar\u0131nda sivil toplum kurumlar\u0131yla ortakla\u015fa \u00e7al\u0131\u015fma ilkesini benimsedi\u011fine vurgu yapt\u0131.<\/p>\n<p><a href=\"http:\/\/www.sana.sy\/tr\/wp-content\/uploads\/2015\/11\/33.jpg\"><img loading=\"lazy\" decoding=\"async\" class=\"alignright wp-image-51220 size-medium\" src=\"http:\/\/www.sana.sy\/tr\/wp-content\/uploads\/2015\/11\/33-300x186.jpg\" alt=\"3\" width=\"300\" height=\"186\" srcset=\"https:\/\/archive.sana.sy\/tr\/wp-content\/uploads\/2015\/11\/33-300x186.jpg 300w, https:\/\/archive.sana.sy\/tr\/wp-content\/uploads\/2015\/11\/33-150x93.jpg 150w, https:\/\/archive.sana.sy\/tr\/wp-content\/uploads\/2015\/11\/33.jpg 945w\" sizes=\"auto, (max-width: 300px) 100vw, 300px\" \/><\/a>Ulusal uzla\u015fmalar\u0131n sa\u011fland\u0131\u011f\u0131 b\u00f6lgelerde vatanda\u015flar\u0131n ihtiya\u00e7lar\u0131n\u0131n sa\u011flanmas\u0131 y\u00f6n\u00fcnde de bakanl\u0131\u011f\u0131n yo\u011fun \u00e7abalar\u0131 bulundu\u011funu belirten Haydar; sivil toplum kurumlar\u0131 ve sosyal faaliyetlerin bu ba\u011flamda da \u00f6nemli bir rol oynayabileceklerine i\u015faret etti.<\/p>\n<p>Bakan Haydar devletin yurdun her kar\u0131\u015f topra\u011f\u0131n\u0131 ter\u00f6rden temizlemekle birlikte g\u00fcvenlik ve istikrar\u0131 sa\u011flama kararl\u0131l\u0131\u011f\u0131nda oldu\u011funa dikkat \u00e7ekerek, ordu birliklerimizin zaferlerine e\u015f zamanl\u0131 olarak y\u00fcr\u00fct\u00fclen uzla\u015fma \u00e7abalar\u0131nda 50\u2019den fazla b\u00f6lgede ba\u015far\u0131n\u0131n kaydedildi\u011fine vurgu yapt\u0131.<\/p>\n<p>Kunaytra Valisi Ahmet \u015eeyh Abd\u00fclkadir ise konu\u015fmas\u0131nda forumun, yerel sivil faaliyetler ve ulusal uzla\u015fma komitelerinin rollerini etkinle\u015ftirme amac\u0131 ta\u015f\u0131d\u0131\u011f\u0131na dikkat \u00e7ekti.<\/p>\n","protected":false},"excerpt":{"rendered":"<p>KUNAYTRA \u2013 Ulusal Uzla\u015fma \u0130\u015flerinden Sorumlu Devlet Bakan\u0131 Ali Haydar Kunaytra\u2019da sivil ve halk faaliyetlerini yerel ve sosyal rollerini etkinle\u015ftirip ulusal uzla\u015fmalarda daha etkin bir g\u00f6rev \u00fcstlenmelerine \u00e7a\u011f\u0131rd\u0131. Kunaytra\u2019da bug\u00fcn milletvekilleri ve il meclisi \u00fcyelerine ilaveten sosyal, ekonomik ve siyasi faaliyetlerin kat\u0131ld\u0131klar\u0131 Ulusal Uzla\u015fma Forumunda konu\u015fan Bakan Haydar; silahlar\u0131n\u0131 teslim eden, teslim etmek isteyen, tutuklu, &hellip;<\/p>\n","protected":false},"author":1,"featured_media":51217,"comment_status":"closed","ping_status":"closed","sticky":false,"template":"","format":"standard","meta":{"footnotes":""},"categories":[526,479,525,478],"tags":[17533,17534],"class_list":["post-51215","post","type-post","status-publish","format-standard","has-post-thumbnail","","category-haber-ve-raporlar","category-haberler-yerel","category-toplum","category-yerel","tag-sivil-faaliyetler-daha-etkin-bir-rol-oynayabilir","tag-ulusal-uzlasma-islerinden-sorumlu-devlet-bakani-ali-haydar"],"_links":{"self":[{"href":"https:\/\/archive.sana.sy\/tr\/index.php?rest_route=\/wp\/v2\/posts\/51215","targetHints":{"allow":["GET"]}}],"collection":[{"href":"https:\/\/archive.sana.sy\/tr\/index.php?rest_route=\/wp\/v2\/posts"}],"about":[{"href":"https:\/\/archive.sana.sy\/tr\/index.php?rest_route=\/wp\/v2\/types\/post"}],"author":[{"embeddable":true,"href":"https:\/\/archive.sana.sy\/tr\/index.php?rest_route=\/wp\/v2\/users\/1"}],"replies":[{"embeddable":true,"href":"https:\/\/archive.sana.sy\/tr\/index.php?rest_route=%2Fwp%2Fv2%2Fcomments&post=51215"}],"version-history":[{"count":0,"href":"https:\/\/archive.sana.sy\/tr\/index.php?rest_route=\/wp\/v2\/posts\/51215\/revisions"}],"wp:featuredmedia":[{"embeddable":true,"href":"https:\/\/archive.sana.sy\/tr\/index.php?rest_route=\/wp\/v2\/media\/51217"}],"wp:attachment":[{"href":"https:\/\/archive.sana.sy\/tr\/index.php?rest_route=%2Fwp%2Fv2%2Fmedia&parent=51215"}],"wp:term":[{"taxonomy":"category","embeddable":true,"href":"https:\/\/archive.sana.sy\/tr\/index.php?rest_route=%2Fwp%2Fv2%2Fcategories&post=51215"},{"taxonomy":"post_tag","embeddable":true,"href":"https:\/\/archive.sana.sy\/tr\/index.php?rest_route=%2Fwp%2Fv2%2Ftags&post=51215"}],"curies":[{"name":"wp","href":"https:\/\/api.w.org\/{rel}","templated":true}]}}