{"id":51247,"date":"2015-11-02T17:09:01","date_gmt":"2015-11-02T15:09:01","guid":{"rendered":"http:\/\/sana.sy\/tr\/?p=51247"},"modified":"2015-11-02T17:10:30","modified_gmt":"2015-11-02T15:10:30","slug":"isid-hasekede-bombali-eylem-duzenledi","status":"publish","type":"post","link":"https:\/\/archive.sana.sy\/tr\/?p=51247","title":{"rendered":"I\u015e\u0130D Haseke\u2019de Bombal\u0131 Eylem D\u00fczenledi"},"content":{"rendered":"<p>HASEKE \u2013 I\u015e\u0130D ter\u00f6r \u00f6rg\u00fct\u00fcnden bir intihar eylemcisi bir tekfirci bug\u00fcn Haseke \u2013 S\u0131llaliye yolu \u00fczerende bombal\u0131 bir ara\u00e7la kendini havaya u\u00e7urdu.<\/p>\n<p>Haseke Valili\u011finde bir kaynak SANA muhabirine a\u00e7\u0131klamas\u0131nda intihar eylemcisi bir ter\u00f6ristin bug\u00fcn sabah saatlerinde Haseke Kentinin yakla\u015f\u0131k 12 km do\u011fusuna d\u00fc\u015fen Haseke \u2013 S\u0131llaliye K\u00f6y\u00fc yolunda b\u00fcy\u00fck miktarda patlay\u0131c\u0131yla haz\u0131rlanm\u0131\u015f bir ara\u00e7la kendini havaya u\u00e7urdu\u011funu belirtti. Kaynak bombal\u0131 ter\u00f6r eyleminde 7 vatanda\u015f\u0131n yaraland\u0131\u011f\u0131n\u0131 ifade etti.,<\/p>\n<p>M.M.<\/p>\n","protected":false},"excerpt":{"rendered":"<p>HASEKE \u2013 I\u015e\u0130D ter\u00f6r \u00f6rg\u00fct\u00fcnden bir intihar eylemcisi bir tekfirci bug\u00fcn Haseke \u2013 S\u0131llaliye yolu \u00fczerende bombal\u0131 bir ara\u00e7la kendini havaya u\u00e7urdu. Haseke Valili\u011finde bir kaynak SANA muhabirine a\u00e7\u0131klamas\u0131nda intihar eylemcisi bir ter\u00f6ristin bug\u00fcn sabah saatlerinde Haseke Kentinin yakla\u015f\u0131k 12 km do\u011fusuna d\u00fc\u015fen Haseke \u2013 S\u0131llaliye K\u00f6y\u00fc yolunda b\u00fcy\u00fck miktarda patlay\u0131c\u0131yla haz\u0131rlanm\u0131\u015f bir ara\u00e7la kendini &hellip;<\/p>\n","protected":false},"author":1,"featured_media":51250,"comment_status":"closed","ping_status":"closed","sticky":false,"template":"","format":"standard","meta":{"footnotes":""},"categories":[479,575,478],"tags":[17536],"class_list":["post-51247","post","type-post","status-publish","format-standard","has-post-thumbnail","","category-haberler-yerel","category-olaylar-ve-gercekler","category-yerel","tag-isid-hasekede-bombali-eylem-duzenledi"],"_links":{"self":[{"href":"https:\/\/archive.sana.sy\/tr\/index.php?rest_route=\/wp\/v2\/posts\/51247","targetHints":{"allow":["GET"]}}],"collection":[{"href":"https:\/\/archive.sana.sy\/tr\/index.php?rest_route=\/wp\/v2\/posts"}],"about":[{"href":"https:\/\/archive.sana.sy\/tr\/index.php?rest_route=\/wp\/v2\/types\/post"}],"author":[{"embeddable":true,"href":"https:\/\/archive.sana.sy\/tr\/index.php?rest_route=\/wp\/v2\/users\/1"}],"replies":[{"embeddable":true,"href":"https:\/\/archive.sana.sy\/tr\/index.php?rest_route=%2Fwp%2Fv2%2Fcomments&post=51247"}],"version-history":[{"count":0,"href":"https:\/\/archive.sana.sy\/tr\/index.php?rest_route=\/wp\/v2\/posts\/51247\/revisions"}],"wp:featuredmedia":[{"embeddable":true,"href":"https:\/\/archive.sana.sy\/tr\/index.php?rest_route=\/wp\/v2\/media\/51250"}],"wp:attachment":[{"href":"https:\/\/archive.sana.sy\/tr\/index.php?rest_route=%2Fwp%2Fv2%2Fmedia&parent=51247"}],"wp:term":[{"taxonomy":"category","embeddable":true,"href":"https:\/\/archive.sana.sy\/tr\/index.php?rest_route=%2Fwp%2Fv2%2Fcategories&post=51247"},{"taxonomy":"post_tag","embeddable":true,"href":"https:\/\/archive.sana.sy\/tr\/index.php?rest_route=%2Fwp%2Fv2%2Ftags&post=51247"}],"curies":[{"name":"wp","href":"https:\/\/api.w.org\/{rel}","templated":true}]}}