{"id":51284,"date":"2015-11-03T09:35:00","date_gmt":"2015-11-03T07:35:00","guid":{"rendered":"http:\/\/www.sana.sy\/tr\/?p=51284"},"modified":"2015-11-03T09:35:00","modified_gmt":"2015-11-03T07:35:00","slug":"teroru-destekleyen-devletlere-bu-destege-son-vermesi-icin-baski-yapilmalidir","status":"publish","type":"post","link":"https:\/\/archive.sana.sy\/tr\/?p=51284","title":{"rendered":"Ter\u00f6r\u00fc Destekleyen Devletlere Bu Deste\u011fe Son Vermesi \u0130\u00e7in Bask\u0131 Yap\u0131lmal\u0131d\u0131r"},"content":{"rendered":"<p>\u015eAM \u2013 Suriye \u0130nsan Haklar\u0131 \u015eebekesi, Suriye\u2019de bulunan silahl\u0131 ter\u00f6r gruplar\u0131na enformasyon ve lojistik destek sa\u011flayan devletlere, uluslararas\u0131 insan haklar\u0131 ve yasalar\u0131n ihlal edilmesi ve \u00e7i\u011fnenmesi anlam\u0131na gelen bu deste\u011fi durdurmalar\u0131 i\u00e7in bask\u0131 yap\u0131lmas\u0131n\u0131 talep etti.<\/p>\n<p>\u015eebeke d\u00fcn yay\u0131nlad\u0131\u011f\u0131 ve bir n\u00fcshas\u0131 SANA\u2019ya ula\u015ft\u0131r\u0131lan beyan\u0131nda Viyana\u2019da Suriye ile ilgili d\u00fczenlenen konferansa i\u015faret ederek Suriye\u2019de ya\u015fanan olaylarla ilgili Suriye\u2019nin kendisinin kat\u0131lmad\u0131\u011f\u0131 konferans, diyalog ya da ter\u00f6rle m\u00fccadelenin hi\u00e7bir \u015fekilde ciddi olmayaca\u011f\u0131 gibi olumlu bir sonu\u00e7 almas\u0131n\u0131n da m\u00fcmk\u00fcn olmad\u0131\u011f\u0131n\u0131n alt\u0131n\u0131 \u00e7izdi.<\/p>\n<p>\u015eebeke; Viyana Konferans\u0131na kat\u0131lan devletlere konferansta laik devlet, diyalog ve se\u00e7me hakk\u0131, ter\u00f6r ve tekfirci d\u00fc\u015f\u00fcncelere kar\u015f\u0131 m\u00fccadele gibi konularda \u00fczerinde anla\u015fmaya var\u0131lan kararlar\u0131 s\u00f6z konusu konular\u0131n hedefi olan \u00fclkelerle i\u015fbirli\u011fi i\u00e7erisinde uygulanmas\u0131 \u00e7a\u011fr\u0131s\u0131nda bulundu.<\/p>\n<p>Viyana konferans\u0131 kararlar\u0131n\u0131, Uluslararas\u0131 \u0130nsan Haklar\u0131 ilkeleri ve halklar\u0131n kendi kaderlerini tayin etme hakk\u0131n\u0131 temel alan kalk\u0131nma haklar\u0131n\u0131n uygulanmas\u0131 olarak nitelendiren \u015eebeke; s\u00f6z konusu ilke ve haklar\u0131 g\u00f6z ard\u0131 ederek at\u0131lacak ad\u0131mlar\u0131n olumlu sonu\u00e7 getirmeyece\u011finin alt\u0131n\u0131 \u00e7izdi.<\/p>\n<p>F.B. &#8211; R.H.<\/p>\n","protected":false},"excerpt":{"rendered":"<p>\u015eAM \u2013 Suriye \u0130nsan Haklar\u0131 \u015eebekesi, Suriye\u2019de bulunan silahl\u0131 ter\u00f6r gruplar\u0131na enformasyon ve lojistik destek sa\u011flayan devletlere, uluslararas\u0131 insan haklar\u0131 ve yasalar\u0131n ihlal edilmesi ve \u00e7i\u011fnenmesi anlam\u0131na gelen bu deste\u011fi durdurmalar\u0131 i\u00e7in bask\u0131 yap\u0131lmas\u0131n\u0131 talep etti. \u015eebeke d\u00fcn yay\u0131nlad\u0131\u011f\u0131 ve bir n\u00fcshas\u0131 SANA\u2019ya ula\u015ft\u0131r\u0131lan beyan\u0131nda Viyana\u2019da Suriye ile ilgili d\u00fczenlenen konferansa i\u015faret ederek Suriye\u2019de ya\u015fanan &hellip;<\/p>\n","protected":false},"author":1,"featured_media":51285,"comment_status":"closed","ping_status":"closed","sticky":false,"template":"","format":"standard","meta":{"footnotes":""},"categories":[479,478],"tags":[17547],"class_list":["post-51284","post","type-post","status-publish","format-standard","has-post-thumbnail","","category-haberler-yerel","category-yerel","tag-teroru-destekleyen-devletlere-bu-destege-son-vermesi-icin-baski-yapilmalidir"],"_links":{"self":[{"href":"https:\/\/archive.sana.sy\/tr\/index.php?rest_route=\/wp\/v2\/posts\/51284","targetHints":{"allow":["GET"]}}],"collection":[{"href":"https:\/\/archive.sana.sy\/tr\/index.php?rest_route=\/wp\/v2\/posts"}],"about":[{"href":"https:\/\/archive.sana.sy\/tr\/index.php?rest_route=\/wp\/v2\/types\/post"}],"author":[{"embeddable":true,"href":"https:\/\/archive.sana.sy\/tr\/index.php?rest_route=\/wp\/v2\/users\/1"}],"replies":[{"embeddable":true,"href":"https:\/\/archive.sana.sy\/tr\/index.php?rest_route=%2Fwp%2Fv2%2Fcomments&post=51284"}],"version-history":[{"count":0,"href":"https:\/\/archive.sana.sy\/tr\/index.php?rest_route=\/wp\/v2\/posts\/51284\/revisions"}],"wp:featuredmedia":[{"embeddable":true,"href":"https:\/\/archive.sana.sy\/tr\/index.php?rest_route=\/wp\/v2\/media\/51285"}],"wp:attachment":[{"href":"https:\/\/archive.sana.sy\/tr\/index.php?rest_route=%2Fwp%2Fv2%2Fmedia&parent=51284"}],"wp:term":[{"taxonomy":"category","embeddable":true,"href":"https:\/\/archive.sana.sy\/tr\/index.php?rest_route=%2Fwp%2Fv2%2Fcategories&post=51284"},{"taxonomy":"post_tag","embeddable":true,"href":"https:\/\/archive.sana.sy\/tr\/index.php?rest_route=%2Fwp%2Fv2%2Ftags&post=51284"}],"curies":[{"name":"wp","href":"https:\/\/api.w.org\/{rel}","templated":true}]}}