{"id":51291,"date":"2015-11-03T10:06:34","date_gmt":"2015-11-03T08:06:34","guid":{"rendered":"http:\/\/www.sana.sy\/tr\/?p=51291"},"modified":"2015-11-03T14:41:48","modified_gmt":"2015-11-03T12:41:48","slug":"homs-kirsalinin-dogusu-mhin-koyunun-batisinda-isidli-tekfircileri-hedef-alan-ordu-birliklerimiz-6-araci-yukleriyle-birlikte-imha-ederek-25-teroristi-oldurdu","status":"publish","type":"post","link":"https:\/\/archive.sana.sy\/tr\/?p=51291","title":{"rendered":"Homs k\u0131rsal\u0131n\u0131n do\u011fusu Mhin K\u00f6y\u00fcn\u00fcn bat\u0131s\u0131nda I\u015e\u0130D\u2019li tekfircileri hedef alan ordu birliklerimiz 6 arac\u0131 y\u00fckleriyle birlikte imha ederek 25 ter\u00f6risti \u00f6ld\u00fcrd\u00fc."},"content":{"rendered":"<p>Homs k\u0131rsal\u0131n\u0131n do\u011fusu Mhin K\u00f6y\u00fcn\u00fcn bat\u0131s\u0131nda I\u015e\u0130D\u2019li tekfircileri hedef alan ordu birliklerimiz 6 arac\u0131 y\u00fckleriyle birlikte imha ederek 25 ter\u00f6risti \u00f6ld\u00fcrd\u00fc.<\/p>\n","protected":false},"excerpt":{"rendered":"<p>Homs k\u0131rsal\u0131n\u0131n do\u011fusu Mhin K\u00f6y\u00fcn\u00fcn bat\u0131s\u0131nda I\u015e\u0130D\u2019li tekfircileri hedef alan ordu birliklerimiz 6 arac\u0131 y\u00fckleriyle birlikte imha ederek 25 ter\u00f6risti \u00f6ld\u00fcrd\u00fc.<\/p>\n","protected":false},"author":1,"featured_media":0,"comment_status":"closed","ping_status":"closed","sticky":false,"template":"","format":"standard","meta":{"footnotes":""},"categories":[1],"tags":[],"class_list":["post-51291","post","type-post","status-publish","format-standard","","category-news-not-sorted"],"_links":{"self":[{"href":"https:\/\/archive.sana.sy\/tr\/index.php?rest_route=\/wp\/v2\/posts\/51291","targetHints":{"allow":["GET"]}}],"collection":[{"href":"https:\/\/archive.sana.sy\/tr\/index.php?rest_route=\/wp\/v2\/posts"}],"about":[{"href":"https:\/\/archive.sana.sy\/tr\/index.php?rest_route=\/wp\/v2\/types\/post"}],"author":[{"embeddable":true,"href":"https:\/\/archive.sana.sy\/tr\/index.php?rest_route=\/wp\/v2\/users\/1"}],"replies":[{"embeddable":true,"href":"https:\/\/archive.sana.sy\/tr\/index.php?rest_route=%2Fwp%2Fv2%2Fcomments&post=51291"}],"version-history":[{"count":0,"href":"https:\/\/archive.sana.sy\/tr\/index.php?rest_route=\/wp\/v2\/posts\/51291\/revisions"}],"wp:attachment":[{"href":"https:\/\/archive.sana.sy\/tr\/index.php?rest_route=%2Fwp%2Fv2%2Fmedia&parent=51291"}],"wp:term":[{"taxonomy":"category","embeddable":true,"href":"https:\/\/archive.sana.sy\/tr\/index.php?rest_route=%2Fwp%2Fv2%2Fcategories&post=51291"},{"taxonomy":"post_tag","embeddable":true,"href":"https:\/\/archive.sana.sy\/tr\/index.php?rest_route=%2Fwp%2Fv2%2Ftags&post=51291"}],"curies":[{"name":"wp","href":"https:\/\/api.w.org\/{rel}","templated":true}]}}