{"id":51293,"date":"2015-11-03T15:13:27","date_gmt":"2015-11-03T13:13:27","guid":{"rendered":"http:\/\/www.sana.sy\/tr\/?p=51293"},"modified":"2015-11-03T15:12:41","modified_gmt":"2015-11-03T13:12:41","slug":"diplomatik-cabalara-odaklanilmalidir","status":"publish","type":"post","link":"https:\/\/archive.sana.sy\/tr\/?p=51293","title":{"rendered":"Diplomatik \u00c7abalara Odaklan\u0131lmal\u0131d\u0131r"},"content":{"rendered":"<p>LONDRA \u2013 \u0130ngiltere Parlamentosunda D\u0131\u015f \u0130li\u015fkiler Komitesi bug\u00fcn \u0130ngiltere h\u00fck\u00fcmetini Suriye&#8217;deki krizin \u00e7\u00f6z\u00fcm\u00fcnde diplomatik \u00e7abalara odaklanmas\u0131na \u00e7a\u011f\u0131r\u0131rken, \u0130ngiliz hava g\u00fc\u00e7lerinin Suriye&#8217;de I\u015e\u0130D\u2019e kar\u015f\u0131 operasyonlarda bulunmas\u0131na kar\u015f\u0131 oldu\u011funu ifade etti.<\/p>\n<p>Komite \u00fcyeleri haz\u0131rlad\u0131klar\u0131 ve AFP\u2019nin aktard\u0131\u011f\u0131 raporlar\u0131nda; koordineli ve uygun bir uluslar aras\u0131 strateji olmadan \u0130ngiltere&#8217;nin Suriye&#8217;de askeri operasyonlar\u0131n\u0131 geni\u015fletmenin do\u011fru olmayaca\u011f\u0131na inand\u0131klar\u0131n\u0131 ifade ettiler. Komite \u00fcyeleri I\u015e\u0130D\u2019in yok edilmesi ve Suriye&#8217;deki krize s\u0131n\u0131r koyulmas\u0131 i\u00e7in ger\u00e7ek\u00e7i bir uluslar aras\u0131 stratejinin olmas\u0131 halinde ancak bunun do\u011fru olabilece\u011fini kaydettiler.<\/p>\n","protected":false},"excerpt":{"rendered":"<p>LONDRA \u2013 \u0130ngiltere Parlamentosunda D\u0131\u015f \u0130li\u015fkiler Komitesi bug\u00fcn \u0130ngiltere h\u00fck\u00fcmetini Suriye&#8217;deki krizin \u00e7\u00f6z\u00fcm\u00fcnde diplomatik \u00e7abalara odaklanmas\u0131na \u00e7a\u011f\u0131r\u0131rken, \u0130ngiliz hava g\u00fc\u00e7lerinin Suriye&#8217;de I\u015e\u0130D\u2019e kar\u015f\u0131 operasyonlarda bulunmas\u0131na kar\u015f\u0131 oldu\u011funu ifade etti. Komite \u00fcyeleri haz\u0131rlad\u0131klar\u0131 ve AFP\u2019nin aktard\u0131\u011f\u0131 raporlar\u0131nda; koordineli ve uygun bir uluslar aras\u0131 strateji olmadan \u0130ngiltere&#8217;nin Suriye&#8217;de askeri operasyonlar\u0131n\u0131 geni\u015fletmenin do\u011fru olmayaca\u011f\u0131na inand\u0131klar\u0131n\u0131 ifade ettiler. Komite &hellip;<\/p>\n","protected":false},"author":1,"featured_media":51295,"comment_status":"closed","ping_status":"closed","sticky":false,"template":"","format":"standard","meta":{"footnotes":""},"categories":[458,459,447],"tags":[17548],"class_list":["post-51293","post","type-post","status-publish","format-standard","has-post-thumbnail","","category-dunya1","category-haberler-arap-uluslararasi-politika","category-politika","tag-ingiltere-parlamentosunda-dis-iliskiler-komitesi"],"_links":{"self":[{"href":"https:\/\/archive.sana.sy\/tr\/index.php?rest_route=\/wp\/v2\/posts\/51293","targetHints":{"allow":["GET"]}}],"collection":[{"href":"https:\/\/archive.sana.sy\/tr\/index.php?rest_route=\/wp\/v2\/posts"}],"about":[{"href":"https:\/\/archive.sana.sy\/tr\/index.php?rest_route=\/wp\/v2\/types\/post"}],"author":[{"embeddable":true,"href":"https:\/\/archive.sana.sy\/tr\/index.php?rest_route=\/wp\/v2\/users\/1"}],"replies":[{"embeddable":true,"href":"https:\/\/archive.sana.sy\/tr\/index.php?rest_route=%2Fwp%2Fv2%2Fcomments&post=51293"}],"version-history":[{"count":0,"href":"https:\/\/archive.sana.sy\/tr\/index.php?rest_route=\/wp\/v2\/posts\/51293\/revisions"}],"wp:featuredmedia":[{"embeddable":true,"href":"https:\/\/archive.sana.sy\/tr\/index.php?rest_route=\/wp\/v2\/media\/51295"}],"wp:attachment":[{"href":"https:\/\/archive.sana.sy\/tr\/index.php?rest_route=%2Fwp%2Fv2%2Fmedia&parent=51293"}],"wp:term":[{"taxonomy":"category","embeddable":true,"href":"https:\/\/archive.sana.sy\/tr\/index.php?rest_route=%2Fwp%2Fv2%2Fcategories&post=51293"},{"taxonomy":"post_tag","embeddable":true,"href":"https:\/\/archive.sana.sy\/tr\/index.php?rest_route=%2Fwp%2Fv2%2Ftags&post=51293"}],"curies":[{"name":"wp","href":"https:\/\/api.w.org\/{rel}","templated":true}]}}