{"id":51297,"date":"2015-11-03T15:28:48","date_gmt":"2015-11-03T13:28:48","guid":{"rendered":"http:\/\/sana.sy\/tr\/?p=51297"},"modified":"2015-11-03T15:28:48","modified_gmt":"2015-11-03T13:28:48","slug":"obama-elestiri-ve-baskilardan-kurtulmayi-amacliyor","status":"publish","type":"post","link":"https:\/\/archive.sana.sy\/tr\/?p=51297","title":{"rendered":"Obama Ele\u015ftiri ve bask\u0131lardan Kurtulmay\u0131 Ama\u00e7l\u0131yor"},"content":{"rendered":"<p>NEW YORK \u2013 ABD Ba\u015fkan\u0131 Barack Obama; \u2018Suriye&#8217;ye I\u015e\u0130D\u2019e kar\u015f\u0131 sava\u015fmak i\u00e7in g\u00f6ndermeye niyetlendi\u011fi ABD g\u00fc\u00e7lerinin ter\u00f6r \u00f6rg\u00fct\u00fcne kar\u015f\u0131 sava\u015fta \u00f6n cephede yer almayaca\u011f\u0131n\u0131\u2019 bir kez daha belirtti.<\/p>\n<p>Amerikan NBC News kanal\u0131 ile m\u00fclakat\u0131nda Obama; Suriye&#8217;ye gidecek Amerikan \u00f6zel g\u00fc\u00e7lerinin I\u015e\u0130D\u2019e kar\u015f\u0131 sava\u015fta \u00f6n cephelerde yer almayacaklar\u0131n\u0131 s\u00f6yledi.<\/p>\n<p>Obama bu konuyu s\u00fcrekli olarak tekrarlamakla; Savunma Bakan\u0131n\u0131n g\u00f6nderilecek Amerikan g\u00fc\u00e7lerinin tehlikeye maruz kalacaklar\u0131n\u0131 ifade etmekle benzer bask\u0131 ve ele\u015ftirilere maruz kalmamay\u0131 ama\u00e7l\u0131yor.<\/p>\n","protected":false},"excerpt":{"rendered":"<p>NEW YORK \u2013 ABD Ba\u015fkan\u0131 Barack Obama; \u2018Suriye&#8217;ye I\u015e\u0130D\u2019e kar\u015f\u0131 sava\u015fmak i\u00e7in g\u00f6ndermeye niyetlendi\u011fi ABD g\u00fc\u00e7lerinin ter\u00f6r \u00f6rg\u00fct\u00fcne kar\u015f\u0131 sava\u015fta \u00f6n cephede yer almayaca\u011f\u0131n\u0131\u2019 bir kez daha belirtti. Amerikan NBC News kanal\u0131 ile m\u00fclakat\u0131nda Obama; Suriye&#8217;ye gidecek Amerikan \u00f6zel g\u00fc\u00e7lerinin I\u015e\u0130D\u2019e kar\u015f\u0131 sava\u015fta \u00f6n cephelerde yer almayacaklar\u0131n\u0131 s\u00f6yledi. Obama bu konuyu s\u00fcrekli olarak tekrarlamakla; Savunma &hellip;<\/p>\n","protected":false},"author":1,"featured_media":51298,"comment_status":"closed","ping_status":"closed","sticky":false,"template":"","format":"standard","meta":{"footnotes":""},"categories":[458,459,447],"tags":[17549],"class_list":["post-51297","post","type-post","status-publish","format-standard","has-post-thumbnail","","category-dunya1","category-haberler-arap-uluslararasi-politika","category-politika","tag-obama-elestiri-ve-baskilardan-kurtulmayi-amacliyor"],"_links":{"self":[{"href":"https:\/\/archive.sana.sy\/tr\/index.php?rest_route=\/wp\/v2\/posts\/51297","targetHints":{"allow":["GET"]}}],"collection":[{"href":"https:\/\/archive.sana.sy\/tr\/index.php?rest_route=\/wp\/v2\/posts"}],"about":[{"href":"https:\/\/archive.sana.sy\/tr\/index.php?rest_route=\/wp\/v2\/types\/post"}],"author":[{"embeddable":true,"href":"https:\/\/archive.sana.sy\/tr\/index.php?rest_route=\/wp\/v2\/users\/1"}],"replies":[{"embeddable":true,"href":"https:\/\/archive.sana.sy\/tr\/index.php?rest_route=%2Fwp%2Fv2%2Fcomments&post=51297"}],"version-history":[{"count":0,"href":"https:\/\/archive.sana.sy\/tr\/index.php?rest_route=\/wp\/v2\/posts\/51297\/revisions"}],"wp:featuredmedia":[{"embeddable":true,"href":"https:\/\/archive.sana.sy\/tr\/index.php?rest_route=\/wp\/v2\/media\/51298"}],"wp:attachment":[{"href":"https:\/\/archive.sana.sy\/tr\/index.php?rest_route=%2Fwp%2Fv2%2Fmedia&parent=51297"}],"wp:term":[{"taxonomy":"category","embeddable":true,"href":"https:\/\/archive.sana.sy\/tr\/index.php?rest_route=%2Fwp%2Fv2%2Fcategories&post=51297"},{"taxonomy":"post_tag","embeddable":true,"href":"https:\/\/archive.sana.sy\/tr\/index.php?rest_route=%2Fwp%2Fv2%2Ftags&post=51297"}],"curies":[{"name":"wp","href":"https:\/\/api.w.org\/{rel}","templated":true}]}}