{"id":51329,"date":"2015-11-03T19:44:48","date_gmt":"2015-11-03T17:44:48","guid":{"rendered":"http:\/\/sana.sy\/tr\/?p=51329"},"modified":"2015-11-03T19:44:48","modified_gmt":"2015-11-03T17:44:48","slug":"iddialar-goruntulerle-curutuldu","status":"publish","type":"post","link":"https:\/\/archive.sana.sy\/tr\/?p=51329","title":{"rendered":"\u0130ddialar G\u00f6r\u00fcnt\u00fclerle \u00c7\u00fcr\u00fct\u00fcld\u00fc"},"content":{"rendered":"<p>MOSKOVA \u2013 Rusya Savunma Bakanl\u0131\u011f\u0131 bug\u00fcn kendisine ait resmi sosyal payla\u015f\u0131m sayfalar\u0131nda; Rus sava\u015f u\u00e7aklar\u0131n\u0131n Suriye&#8217;de \u2018sivil binalar ve hastaneleri imha ettikleri\u2019 konusunda yap\u0131lan su\u00e7lamalar\u0131 \u00e7\u00fcr\u00fcten soru\u015fturmalar\u0131n\u0131n sonu\u00e7lar\u0131n\u0131 yay\u0131nlad\u0131.<\/p>\n<p>Bakanl\u0131k yay\u0131nlad\u0131\u011f\u0131 beyanda yap\u0131lan su\u00e7lamalara ili\u015fkin geni\u015f \u00e7apl\u0131 bir soru\u015fturman\u0131n yap\u0131ld\u0131\u011f\u0131na dikkat \u00e7ekerek, su\u00e7lamalar\u0131n asl\u0131 ger\u00e7e\u011fi olmad\u0131\u011f\u0131n\u0131n kan\u0131tland\u0131\u011f\u0131n\u0131 ifade etti. Beyanda Rus u\u00e7aklar\u0131n \u0130dlib k\u0131rsal\u0131 Sermin Beldesinde bir hastaneyi imha ettikleri iddialar\u0131yla ortay at\u0131lan video g\u00f6r\u00fcnt\u00fclerinin kan\u0131tlarla as\u0131ls\u0131z oldu\u011funun g\u00f6r\u00fcld\u00fc\u011f\u00fc kaydedildi.<\/p>\n<p>Rus bakanl\u0131k Rus u\u00e7aklar\u0131n bombaland\u0131\u011f\u0131 iddia edilen Sermin Hastanesi ve civar\u0131ndaki binalar\u0131n sa\u011f salim oldu\u011funu g\u00f6r\u00fcnt\u00fcleyen ve 31 Ekim tarihinde \u00e7ekilen g\u00f6r\u00fcnt\u00fcler yay\u0131nlad\u0131. Hem hastanenin sa\u011flam oldu\u011fu hem de \u00f6n\u00fcndeki yollar\u0131n hi\u00e7bir zarar g\u00f6rmedi\u011finden g\u00f6r\u00fcnt\u00fclerle emin olunabilece\u011fine dikkat \u00e7eken bakanl\u0131k; Bat\u0131l\u0131 medya ara\u00e7lar\u0131nda yay\u0131nlanan videolar\u0131n asl\u0131 ger\u00e7e\u011fi olmad\u0131\u011f\u0131n\u0131n bir kez daha kan\u0131tland\u0131\u011f\u0131n\u0131 ifade etti.<\/p>\n","protected":false},"excerpt":{"rendered":"<p>MOSKOVA \u2013 Rusya Savunma Bakanl\u0131\u011f\u0131 bug\u00fcn kendisine ait resmi sosyal payla\u015f\u0131m sayfalar\u0131nda; Rus sava\u015f u\u00e7aklar\u0131n\u0131n Suriye&#8217;de \u2018sivil binalar ve hastaneleri imha ettikleri\u2019 konusunda yap\u0131lan su\u00e7lamalar\u0131 \u00e7\u00fcr\u00fcten soru\u015fturmalar\u0131n\u0131n sonu\u00e7lar\u0131n\u0131 yay\u0131nlad\u0131. Bakanl\u0131k yay\u0131nlad\u0131\u011f\u0131 beyanda yap\u0131lan su\u00e7lamalara ili\u015fkin geni\u015f \u00e7apl\u0131 bir soru\u015fturman\u0131n yap\u0131ld\u0131\u011f\u0131na dikkat \u00e7ekerek, su\u00e7lamalar\u0131n asl\u0131 ger\u00e7e\u011fi olmad\u0131\u011f\u0131n\u0131n kan\u0131tland\u0131\u011f\u0131n\u0131 ifade etti. Beyanda Rus u\u00e7aklar\u0131n \u0130dlib k\u0131rsal\u0131 Sermin &hellip;<\/p>\n","protected":false},"author":1,"featured_media":51330,"comment_status":"closed","ping_status":"closed","sticky":false,"template":"","format":"standard","meta":{"footnotes":""},"categories":[458,459,447],"tags":[17557],"class_list":["post-51329","post","type-post","status-publish","format-standard","has-post-thumbnail","","category-dunya1","category-haberler-arap-uluslararasi-politika","category-politika","tag-iddialar-goruntulerle-curutuldu"],"_links":{"self":[{"href":"https:\/\/archive.sana.sy\/tr\/index.php?rest_route=\/wp\/v2\/posts\/51329","targetHints":{"allow":["GET"]}}],"collection":[{"href":"https:\/\/archive.sana.sy\/tr\/index.php?rest_route=\/wp\/v2\/posts"}],"about":[{"href":"https:\/\/archive.sana.sy\/tr\/index.php?rest_route=\/wp\/v2\/types\/post"}],"author":[{"embeddable":true,"href":"https:\/\/archive.sana.sy\/tr\/index.php?rest_route=\/wp\/v2\/users\/1"}],"replies":[{"embeddable":true,"href":"https:\/\/archive.sana.sy\/tr\/index.php?rest_route=%2Fwp%2Fv2%2Fcomments&post=51329"}],"version-history":[{"count":0,"href":"https:\/\/archive.sana.sy\/tr\/index.php?rest_route=\/wp\/v2\/posts\/51329\/revisions"}],"wp:featuredmedia":[{"embeddable":true,"href":"https:\/\/archive.sana.sy\/tr\/index.php?rest_route=\/wp\/v2\/media\/51330"}],"wp:attachment":[{"href":"https:\/\/archive.sana.sy\/tr\/index.php?rest_route=%2Fwp%2Fv2%2Fmedia&parent=51329"}],"wp:term":[{"taxonomy":"category","embeddable":true,"href":"https:\/\/archive.sana.sy\/tr\/index.php?rest_route=%2Fwp%2Fv2%2Fcategories&post=51329"},{"taxonomy":"post_tag","embeddable":true,"href":"https:\/\/archive.sana.sy\/tr\/index.php?rest_route=%2Fwp%2Fv2%2Ftags&post=51329"}],"curies":[{"name":"wp","href":"https:\/\/api.w.org\/{rel}","templated":true}]}}