{"id":51349,"date":"2015-11-04T11:00:32","date_gmt":"2015-11-04T09:00:32","guid":{"rendered":"http:\/\/www.sana.sy\/tr\/?p=51349"},"modified":"2015-11-04T12:26:55","modified_gmt":"2015-11-04T10:26:55","slug":"halep-kirsalindan-sanaya-aciklama-yapan-askeri-bir-kaynak-ordu-birliklerimizin-halep-hanasir-esriya-selemiye-karayolunun-tamamini-isid-cetelerinden-temizleyip-ko","status":"publish","type":"post","link":"https:\/\/archive.sana.sy\/tr\/?p=51349","title":{"rendered":"Halep k\u0131rsal\u0131ndan SANA\u2019ya a\u00e7\u0131klama yapan askeri bir kaynak ordu birliklerimizin Halep \u2013 Hanas\u0131r \u2013 Esriya \u2013 Selemiye karayolunun tamam\u0131n\u0131 I\u015e\u0130D \u00e7etelerinden temizleyip kontrol\u00fcne ge\u00e7irdiklerini belirtirken, yolun yar\u0131n sabah saatlerinden itibaren trafi\u011fe a\u00e7\u0131laca\u011f\u0131n\u0131 a\u00e7\u0131klad\u0131."},"content":{"rendered":"<p>Halep k\u0131rsal\u0131ndan SANA\u2019ya a\u00e7\u0131klama yapan askeri bir kaynak ordu birliklerimizin Halep \u2013 Hanas\u0131r \u2013 Esriya \u2013 Selemiye karayolunun tamam\u0131n\u0131 I\u015e\u0130D \u00e7etelerinden temizleyip kontrol\u00fcne ge\u00e7irdiklerini belirtirken, yolun yar\u0131n sabah saatlerinden itibaren trafi\u011fe a\u00e7\u0131laca\u011f\u0131n\u0131 a\u00e7\u0131klad\u0131.<\/p>\n","protected":false},"excerpt":{"rendered":"<p>Halep k\u0131rsal\u0131ndan SANA\u2019ya a\u00e7\u0131klama yapan askeri bir kaynak ordu birliklerimizin Halep \u2013 Hanas\u0131r \u2013 Esriya \u2013 Selemiye karayolunun tamam\u0131n\u0131 I\u015e\u0130D \u00e7etelerinden temizleyip kontrol\u00fcne ge\u00e7irdiklerini belirtirken, yolun yar\u0131n sabah saatlerinden itibaren trafi\u011fe a\u00e7\u0131laca\u011f\u0131n\u0131 a\u00e7\u0131klad\u0131.<\/p>\n","protected":false},"author":1,"featured_media":0,"comment_status":"closed","ping_status":"closed","sticky":false,"template":"","format":"standard","meta":{"footnotes":""},"categories":[1],"tags":[],"class_list":["post-51349","post","type-post","status-publish","format-standard","","category-news-not-sorted"],"_links":{"self":[{"href":"https:\/\/archive.sana.sy\/tr\/index.php?rest_route=\/wp\/v2\/posts\/51349","targetHints":{"allow":["GET"]}}],"collection":[{"href":"https:\/\/archive.sana.sy\/tr\/index.php?rest_route=\/wp\/v2\/posts"}],"about":[{"href":"https:\/\/archive.sana.sy\/tr\/index.php?rest_route=\/wp\/v2\/types\/post"}],"author":[{"embeddable":true,"href":"https:\/\/archive.sana.sy\/tr\/index.php?rest_route=\/wp\/v2\/users\/1"}],"replies":[{"embeddable":true,"href":"https:\/\/archive.sana.sy\/tr\/index.php?rest_route=%2Fwp%2Fv2%2Fcomments&post=51349"}],"version-history":[{"count":0,"href":"https:\/\/archive.sana.sy\/tr\/index.php?rest_route=\/wp\/v2\/posts\/51349\/revisions"}],"wp:attachment":[{"href":"https:\/\/archive.sana.sy\/tr\/index.php?rest_route=%2Fwp%2Fv2%2Fmedia&parent=51349"}],"wp:term":[{"taxonomy":"category","embeddable":true,"href":"https:\/\/archive.sana.sy\/tr\/index.php?rest_route=%2Fwp%2Fv2%2Fcategories&post=51349"},{"taxonomy":"post_tag","embeddable":true,"href":"https:\/\/archive.sana.sy\/tr\/index.php?rest_route=%2Fwp%2Fv2%2Ftags&post=51349"}],"curies":[{"name":"wp","href":"https:\/\/api.w.org\/{rel}","templated":true}]}}