{"id":51352,"date":"2015-11-04T11:59:55","date_gmt":"2015-11-04T09:59:55","guid":{"rendered":"http:\/\/sana.sy\/tr\/?p=51352"},"modified":"2015-11-04T13:03:50","modified_gmt":"2015-11-04T11:03:50","slug":"mikdat-laricani-ve-zarif-ile-son-gelismeleri-degerlendirdi","status":"publish","type":"post","link":"https:\/\/archive.sana.sy\/tr\/?p=51352","title":{"rendered":"Mikdat Laricani, Zarif ve Velayeti ile Son Geli\u015fmeleri De\u011ferlendirdi"},"content":{"rendered":"<p>TAHRAN \u2013 D\u0131\u015fi\u015fleri ve Gurbet\u00e7iler Bakan\u0131 Yard\u0131mc\u0131s\u0131 Faysal Mikdat Tahran\u2019a bulundu\u011fu i\u015f gezisi kapsam\u0131nda bug\u00fcn \u0130ran \u0130slami \u015eura Meclisi Ba\u015fkan\u0131 Ali Laricani Suriye&#8217;deki son geli\u015fmeler ve ter\u00f6rle m\u00fccadele \u00e7abalar\u0131n\u0131 g\u00f6r\u00fc\u015ft\u00fc.<\/p>\n<p>G\u00f6r\u00fc\u015fmede Laricani Suriye ordusunun ter\u00f6re kar\u015f\u0131 sava\u015f\u0131nda son olarak sa\u011flad\u0131\u011f\u0131 ba\u015far\u0131lar\u0131n \u00f6nemine vurgu yaparken, \u0130ran\u2019\u0131n Suriye&#8217;nin her kar\u0131\u015f topra\u011f\u0131nda g\u00fcvenlik ve istikrar\u0131n tamamen sa\u011flanmas\u0131 i\u00e7in hi\u00e7bir \u00e7aba ya da destekten geri kalmayaca\u011f\u0131n\u0131n alt\u0131n\u0131 \u00e7izdi.<\/p>\n<p>Laricani ile g\u00f6r\u00fc\u015fmesi ard\u0131ndan Bakan Yard\u0131mc\u0131s\u0131 Mikdat \u0130ran D\u0131\u015fi\u015fleri Bakan\u0131 Muhammed Cevat Zarif ile bir araya geldi.<\/p>\n<p>Ter\u00f6rle m\u00fccadelede iki dost \u00fclke aras\u0131ndaki koordinasyon ve i\u015fbirli\u011finin ele al\u0131nd\u0131\u011f\u0131 g\u00f6r\u00fc\u015fmede ayr\u0131ca krizin siyasi yollarla \u00e7\u00f6z\u00fclmesi y\u00f6n\u00fcnde y\u00fcr\u00fct\u00fclen \u00e7abalar ve bu y\u00f6ndeki son durum masaya yat\u0131r\u0131ld\u0131.<\/p>\n<p>Tahran\u2019a i\u015f gezisinde bulunan D\u0131\u015fi\u015fleri ve Gurbet\u00e7iler Bakan\u0131 Yard\u0131mc\u0131s\u0131 Faysal Mikdat ile bir araya gelen \u0130ran \u0130slam Devrimi Liderinin uluslar aras\u0131 i\u015flerden sorumlu m\u00fcste\u015far\u0131 Ali Ekber Velayeti \u0130ran\u2019\u0131n Suriye&#8217;ye deste\u011finde sabit tutumunu bir kez daha belirtti.<\/p>\n<p>Velayeti; ter\u00f6rle m\u00fccadele ve Suriye&#8217;nin tamam\u0131nda ter\u00f6r\u00fcn yok edilip g\u00fcvenli\u011fin sa\u011flanmas\u0131nda gereken her deste\u011fi sa\u011flayaca\u011f\u0131n\u0131 s\u00f6yledi.<\/p>\n<div id='gallery-1' class='gallery galleryid-51352 gallery-columns-2 gallery-size-medium'><figure class='gallery-item'>\n\t\t\t<div class='gallery-icon portrait'>\n\t\t\t\t<a href='https:\/\/archive.sana.sy\/tr\/wp-content\/uploads\/2015\/11\/mikdat-2.jpg'><img loading=\"lazy\" decoding=\"async\" width=\"199\" height=\"300\" src=\"https:\/\/archive.sana.sy\/tr\/wp-content\/uploads\/2015\/11\/mikdat-2-199x300.jpg\" class=\"attachment-medium size-medium\" alt=\"\" srcset=\"https:\/\/archive.sana.sy\/tr\/wp-content\/uploads\/2015\/11\/mikdat-2-199x300.jpg 199w, https:\/\/archive.sana.sy\/tr\/wp-content\/uploads\/2015\/11\/mikdat-2-100x150.jpg 100w, https:\/\/archive.sana.sy\/tr\/wp-content\/uploads\/2015\/11\/mikdat-2.jpg 370w\" sizes=\"auto, (max-width: 199px) 100vw, 199px\" \/><\/a>\n\t\t\t<\/div><\/figure><figure class='gallery-item'>\n\t\t\t<div class='gallery-icon landscape'>\n\t\t\t\t<a href='https:\/\/archive.sana.sy\/tr\/wp-content\/uploads\/2015\/11\/mikdat-3.jpg'><img loading=\"lazy\" decoding=\"async\" width=\"300\" height=\"150\" src=\"https:\/\/archive.sana.sy\/tr\/wp-content\/uploads\/2015\/11\/mikdat-3-300x150.jpg\" class=\"attachment-medium size-medium\" alt=\"\" srcset=\"https:\/\/archive.sana.sy\/tr\/wp-content\/uploads\/2015\/11\/mikdat-3.jpg 300w, https:\/\/archive.sana.sy\/tr\/wp-content\/uploads\/2015\/11\/mikdat-3-150x75.jpg 150w\" sizes=\"auto, (max-width: 300px) 100vw, 300px\" \/><\/a>\n\t\t\t<\/div><\/figure>\n\t\t<\/div>\n\n<p>R.H.<\/p>\n","protected":false},"excerpt":{"rendered":"<p>TAHRAN \u2013 D\u0131\u015fi\u015fleri ve Gurbet\u00e7iler Bakan\u0131 Yard\u0131mc\u0131s\u0131 Faysal Mikdat Tahran\u2019a bulundu\u011fu i\u015f gezisi kapsam\u0131nda bug\u00fcn \u0130ran \u0130slami \u015eura Meclisi Ba\u015fkan\u0131 Ali Laricani Suriye&#8217;deki son geli\u015fmeler ve ter\u00f6rle m\u00fccadele \u00e7abalar\u0131n\u0131 g\u00f6r\u00fc\u015ft\u00fc. G\u00f6r\u00fc\u015fmede Laricani Suriye ordusunun ter\u00f6re kar\u015f\u0131 sava\u015f\u0131nda son olarak sa\u011flad\u0131\u011f\u0131 ba\u015far\u0131lar\u0131n \u00f6nemine vurgu yaparken, \u0130ran\u2019\u0131n Suriye&#8217;nin her kar\u0131\u015f topra\u011f\u0131nda g\u00fcvenlik ve istikrar\u0131n tamamen sa\u011flanmas\u0131 i\u00e7in &hellip;<\/p>\n","protected":false},"author":1,"featured_media":51353,"comment_status":"closed","ping_status":"closed","sticky":false,"template":"","format":"standard","meta":{"footnotes":""},"categories":[458,459,447],"tags":[17562],"class_list":["post-51352","post","type-post","status-publish","format-standard","has-post-thumbnail","","category-dunya1","category-haberler-arap-uluslararasi-politika","category-politika","tag-mikdat-laricani-ve-zarif-ile-son-gelismeleri-degerlendirdi"],"_links":{"self":[{"href":"https:\/\/archive.sana.sy\/tr\/index.php?rest_route=\/wp\/v2\/posts\/51352","targetHints":{"allow":["GET"]}}],"collection":[{"href":"https:\/\/archive.sana.sy\/tr\/index.php?rest_route=\/wp\/v2\/posts"}],"about":[{"href":"https:\/\/archive.sana.sy\/tr\/index.php?rest_route=\/wp\/v2\/types\/post"}],"author":[{"embeddable":true,"href":"https:\/\/archive.sana.sy\/tr\/index.php?rest_route=\/wp\/v2\/users\/1"}],"replies":[{"embeddable":true,"href":"https:\/\/archive.sana.sy\/tr\/index.php?rest_route=%2Fwp%2Fv2%2Fcomments&post=51352"}],"version-history":[{"count":0,"href":"https:\/\/archive.sana.sy\/tr\/index.php?rest_route=\/wp\/v2\/posts\/51352\/revisions"}],"wp:featuredmedia":[{"embeddable":true,"href":"https:\/\/archive.sana.sy\/tr\/index.php?rest_route=\/wp\/v2\/media\/51353"}],"wp:attachment":[{"href":"https:\/\/archive.sana.sy\/tr\/index.php?rest_route=%2Fwp%2Fv2%2Fmedia&parent=51352"}],"wp:term":[{"taxonomy":"category","embeddable":true,"href":"https:\/\/archive.sana.sy\/tr\/index.php?rest_route=%2Fwp%2Fv2%2Fcategories&post=51352"},{"taxonomy":"post_tag","embeddable":true,"href":"https:\/\/archive.sana.sy\/tr\/index.php?rest_route=%2Fwp%2Fv2%2Ftags&post=51352"}],"curies":[{"name":"wp","href":"https:\/\/api.w.org\/{rel}","templated":true}]}}