{"id":51361,"date":"2015-11-04T12:49:07","date_gmt":"2015-11-04T10:49:07","guid":{"rendered":"http:\/\/sana.sy\/tr\/?p=51361"},"modified":"2015-11-04T13:28:21","modified_gmt":"2015-11-04T11:28:21","slug":"yazar-ve-gazeteciler-suriyeye-iltica-ediyor-heyeti-seyitle-gorustu","status":"publish","type":"post","link":"https:\/\/archive.sana.sy\/tr\/?p=51361","title":{"rendered":"Yazar ve Gazeteciler Suriye&#8217;ye \u0130ltica Ediyor Heyeti Seyit\u2019le G\u00f6r\u00fc\u015ft\u00fc"},"content":{"rendered":"<p>\u015eAM \u2013 Vak\u0131flar Bakan\u0131 Muhammed Abd\u00fcssettar el Seyit; \u2018Yazar ve Gazeteciler Suriye&#8217;ye \u0130ltica Ediyor\u2019 giri\u015fiminin, art\u0131k herkes taraf\u0131ndan bilinen belli ba\u015fl\u0131 taraflar\u0131n destekledikleri tekfirci ter\u00f6r\u00fcn Suriye ve halk\u0131na sald\u0131r\u0131lar\u0131na yeni bir kavrama adresi te\u015fkil etti\u011fini ifade etti.<\/p>\n<p>Bakan Seyit \u015eam\u2019daki B\u00fcy\u00fck Emeviler Camiinde Giri\u015fim kat\u0131l\u0131mc\u0131lar\u0131yla g\u00f6r\u00fc\u015fmelerinde uygarl\u0131klar be\u015fi\u011fi ve semavi dinlerin kayna\u011f\u0131 olan Suriye&#8217;nin, T\u00fcrkiye&#8217;deki rejim ve daha ba\u015fka devletlerin deste\u011fi ile ter\u00f6r m\u00fcptelas\u0131 oldu\u011funa i\u015faret etti. Suriye halk\u0131n\u0131n kad\u0131n\u0131 ya\u015fl\u0131s\u0131 ve \u00e7ocu\u011fuyla bu ter\u00f6r nedeniyle ya\u015fad\u0131klar\u0131 ac\u0131lara \u0131\u015f\u0131k tutan Seyit; d\u0131\u015f g\u00fc\u00e7lerin y\u00f6nlendirmeleriyle ter\u00f6ristlerin altyap\u0131 ve hizmet kurumlar\u0131 dahil hi\u00e7bir \u015feyi sald\u0131r\u0131lar\u0131ndan istisna tutmad\u0131klar\u0131na dikkat \u00e7ekti.<\/p>\n<p>Konuk heyet \u00fcyeleri ise Suriye devleti, ordusu ve yurtsever halk\u0131yla dayan\u0131\u015fmaya geldiklerini belirtirken, T\u00fcrkiye, Suudi Arabistan, Katar ve daha ba\u015fka devletlerin ter\u00f6re desteklerini k\u0131nad\u0131klar\u0131n\u0131 vurgulad\u0131.<\/p>\n<p>12 \u00fclkeden Avrupa&#8217;da ikamet eden Arap ve Avrupal\u0131 gazeteci ve parlamenterlerden olu\u015fan heyet daha \u00f6nce sosyal payla\u015f\u0131m sayfalar\u0131nda denizde bir teknenin i\u00e7inde \u00e7ektikleri g\u00f6r\u00fcnt\u00fcleri yay\u0131nlam\u0131\u015flard\u0131.<\/p>\n<div id='gallery-1' class='gallery galleryid-51361 gallery-columns-3 gallery-size-medium'><figure class='gallery-item'>\n\t\t\t<div class='gallery-icon landscape'>\n\t\t\t\t<a href='https:\/\/archive.sana.sy\/tr\/wp-content\/uploads\/2015\/11\/Vak\u0131flar-Bakan\u0131-1.jpg'><img loading=\"lazy\" decoding=\"async\" width=\"300\" height=\"200\" src=\"https:\/\/archive.sana.sy\/tr\/wp-content\/uploads\/2015\/11\/Vak\u0131flar-Bakan\u0131-1-300x200.jpg\" class=\"attachment-medium size-medium\" alt=\"\" srcset=\"https:\/\/archive.sana.sy\/tr\/wp-content\/uploads\/2015\/11\/Vak\u0131flar-Bakan\u0131-1-300x200.jpg 300w, https:\/\/archive.sana.sy\/tr\/wp-content\/uploads\/2015\/11\/Vak\u0131flar-Bakan\u0131-1-150x100.jpg 150w, https:\/\/archive.sana.sy\/tr\/wp-content\/uploads\/2015\/11\/Vak\u0131flar-Bakan\u0131-1-1024x683.jpg 1024w\" sizes=\"auto, (max-width: 300px) 100vw, 300px\" \/><\/a>\n\t\t\t<\/div><\/figure><figure class='gallery-item'>\n\t\t\t<div class='gallery-icon landscape'>\n\t\t\t\t<a href='https:\/\/archive.sana.sy\/tr\/wp-content\/uploads\/2015\/11\/Vak\u0131flar-Bakan\u0131-2.jpg'><img loading=\"lazy\" decoding=\"async\" width=\"300\" height=\"230\" src=\"https:\/\/archive.sana.sy\/tr\/wp-content\/uploads\/2015\/11\/Vak\u0131flar-Bakan\u0131-2-300x230.jpg\" class=\"attachment-medium size-medium\" alt=\"\" srcset=\"https:\/\/archive.sana.sy\/tr\/wp-content\/uploads\/2015\/11\/Vak\u0131flar-Bakan\u0131-2-300x230.jpg 300w, https:\/\/archive.sana.sy\/tr\/wp-content\/uploads\/2015\/11\/Vak\u0131flar-Bakan\u0131-2-150x115.jpg 150w, https:\/\/archive.sana.sy\/tr\/wp-content\/uploads\/2015\/11\/Vak\u0131flar-Bakan\u0131-2-1024x786.jpg 1024w\" sizes=\"auto, (max-width: 300px) 100vw, 300px\" \/><\/a>\n\t\t\t<\/div><\/figure><figure class='gallery-item'>\n\t\t\t<div class='gallery-icon landscape'>\n\t\t\t\t<a href='https:\/\/archive.sana.sy\/tr\/wp-content\/uploads\/2015\/11\/Vak\u0131flar-Bakan\u0131-3.jpg'><img loading=\"lazy\" decoding=\"async\" width=\"300\" height=\"200\" src=\"https:\/\/archive.sana.sy\/tr\/wp-content\/uploads\/2015\/11\/Vak\u0131flar-Bakan\u0131-3-300x200.jpg\" class=\"attachment-medium size-medium\" alt=\"\" srcset=\"https:\/\/archive.sana.sy\/tr\/wp-content\/uploads\/2015\/11\/Vak\u0131flar-Bakan\u0131-3-300x200.jpg 300w, https:\/\/archive.sana.sy\/tr\/wp-content\/uploads\/2015\/11\/Vak\u0131flar-Bakan\u0131-3-150x100.jpg 150w, https:\/\/archive.sana.sy\/tr\/wp-content\/uploads\/2015\/11\/Vak\u0131flar-Bakan\u0131-3-1024x683.jpg 1024w\" sizes=\"auto, (max-width: 300px) 100vw, 300px\" \/><\/a>\n\t\t\t<\/div><\/figure><figure class='gallery-item'>\n\t\t\t<div class='gallery-icon landscape'>\n\t\t\t\t<a href='https:\/\/archive.sana.sy\/tr\/wp-content\/uploads\/2015\/11\/Vak\u0131flar-Bakan\u0131-4.jpg'><img loading=\"lazy\" decoding=\"async\" width=\"300\" height=\"200\" src=\"https:\/\/archive.sana.sy\/tr\/wp-content\/uploads\/2015\/11\/Vak\u0131flar-Bakan\u0131-4-300x200.jpg\" class=\"attachment-medium size-medium\" alt=\"\" srcset=\"https:\/\/archive.sana.sy\/tr\/wp-content\/uploads\/2015\/11\/Vak\u0131flar-Bakan\u0131-4-300x200.jpg 300w, https:\/\/archive.sana.sy\/tr\/wp-content\/uploads\/2015\/11\/Vak\u0131flar-Bakan\u0131-4-150x100.jpg 150w, https:\/\/archive.sana.sy\/tr\/wp-content\/uploads\/2015\/11\/Vak\u0131flar-Bakan\u0131-4-1024x683.jpg 1024w\" sizes=\"auto, (max-width: 300px) 100vw, 300px\" \/><\/a>\n\t\t\t<\/div><\/figure><figure class='gallery-item'>\n\t\t\t<div class='gallery-icon landscape'>\n\t\t\t\t<a href='https:\/\/archive.sana.sy\/tr\/wp-content\/uploads\/2015\/11\/Vak\u0131flar-Bakan\u0131-5.jpg'><img loading=\"lazy\" decoding=\"async\" width=\"300\" height=\"200\" src=\"https:\/\/archive.sana.sy\/tr\/wp-content\/uploads\/2015\/11\/Vak\u0131flar-Bakan\u0131-5-300x200.jpg\" class=\"attachment-medium size-medium\" alt=\"\" srcset=\"https:\/\/archive.sana.sy\/tr\/wp-content\/uploads\/2015\/11\/Vak\u0131flar-Bakan\u0131-5-300x200.jpg 300w, https:\/\/archive.sana.sy\/tr\/wp-content\/uploads\/2015\/11\/Vak\u0131flar-Bakan\u0131-5-150x100.jpg 150w, https:\/\/archive.sana.sy\/tr\/wp-content\/uploads\/2015\/11\/Vak\u0131flar-Bakan\u0131-5-1024x683.jpg 1024w\" sizes=\"auto, (max-width: 300px) 100vw, 300px\" \/><\/a>\n\t\t\t<\/div><\/figure><figure class='gallery-item'>\n\t\t\t<div class='gallery-icon landscape'>\n\t\t\t\t<a href='https:\/\/archive.sana.sy\/tr\/wp-content\/uploads\/2015\/11\/Vak\u0131flar-Bakan\u0131-7.jpg'><img loading=\"lazy\" decoding=\"async\" width=\"300\" height=\"200\" src=\"https:\/\/archive.sana.sy\/tr\/wp-content\/uploads\/2015\/11\/Vak\u0131flar-Bakan\u0131-7-300x200.jpg\" class=\"attachment-medium size-medium\" alt=\"\" srcset=\"https:\/\/archive.sana.sy\/tr\/wp-content\/uploads\/2015\/11\/Vak\u0131flar-Bakan\u0131-7-300x200.jpg 300w, https:\/\/archive.sana.sy\/tr\/wp-content\/uploads\/2015\/11\/Vak\u0131flar-Bakan\u0131-7-150x100.jpg 150w, https:\/\/archive.sana.sy\/tr\/wp-content\/uploads\/2015\/11\/Vak\u0131flar-Bakan\u0131-7-1024x683.jpg 1024w\" sizes=\"auto, (max-width: 300px) 100vw, 300px\" \/><\/a>\n\t\t\t<\/div><\/figure><figure class='gallery-item'>\n\t\t\t<div class='gallery-icon landscape'>\n\t\t\t\t<a href='https:\/\/archive.sana.sy\/tr\/wp-content\/uploads\/2015\/11\/Vak\u0131flar-Bakan\u0131-81.jpg'><img loading=\"lazy\" decoding=\"async\" width=\"300\" height=\"160\" src=\"https:\/\/archive.sana.sy\/tr\/wp-content\/uploads\/2015\/11\/Vak\u0131flar-Bakan\u0131-81-300x160.jpg\" class=\"attachment-medium size-medium\" alt=\"\" srcset=\"https:\/\/archive.sana.sy\/tr\/wp-content\/uploads\/2015\/11\/Vak\u0131flar-Bakan\u0131-81-300x160.jpg 300w, https:\/\/archive.sana.sy\/tr\/wp-content\/uploads\/2015\/11\/Vak\u0131flar-Bakan\u0131-81-150x80.jpg 150w, https:\/\/archive.sana.sy\/tr\/wp-content\/uploads\/2015\/11\/Vak\u0131flar-Bakan\u0131-81.jpg 620w\" sizes=\"auto, (max-width: 300px) 100vw, 300px\" \/><\/a>\n\t\t\t<\/div><\/figure><figure class='gallery-item'>\n\t\t\t<div class='gallery-icon landscape'>\n\t\t\t\t<a href='https:\/\/archive.sana.sy\/tr\/wp-content\/uploads\/2015\/11\/Vak\u0131flar-Bakan\u0131-9.jpg'><img loading=\"lazy\" decoding=\"async\" width=\"300\" height=\"200\" src=\"https:\/\/archive.sana.sy\/tr\/wp-content\/uploads\/2015\/11\/Vak\u0131flar-Bakan\u0131-9-300x200.jpg\" class=\"attachment-medium size-medium\" alt=\"\" srcset=\"https:\/\/archive.sana.sy\/tr\/wp-content\/uploads\/2015\/11\/Vak\u0131flar-Bakan\u0131-9-300x200.jpg 300w, https:\/\/archive.sana.sy\/tr\/wp-content\/uploads\/2015\/11\/Vak\u0131flar-Bakan\u0131-9-150x100.jpg 150w, https:\/\/archive.sana.sy\/tr\/wp-content\/uploads\/2015\/11\/Vak\u0131flar-Bakan\u0131-9-1024x683.jpg 1024w\" sizes=\"auto, (max-width: 300px) 100vw, 300px\" \/><\/a>\n\t\t\t<\/div><\/figure><figure class='gallery-item'>\n\t\t\t<div class='gallery-icon landscape'>\n\t\t\t\t<a href='https:\/\/archive.sana.sy\/tr\/wp-content\/uploads\/2015\/11\/Vak\u0131flar-Bakan\u0131-10.jpg'><img loading=\"lazy\" decoding=\"async\" width=\"300\" height=\"200\" src=\"https:\/\/archive.sana.sy\/tr\/wp-content\/uploads\/2015\/11\/Vak\u0131flar-Bakan\u0131-10-300x200.jpg\" class=\"attachment-medium size-medium\" alt=\"\" srcset=\"https:\/\/archive.sana.sy\/tr\/wp-content\/uploads\/2015\/11\/Vak\u0131flar-Bakan\u0131-10-300x200.jpg 300w, https:\/\/archive.sana.sy\/tr\/wp-content\/uploads\/2015\/11\/Vak\u0131flar-Bakan\u0131-10-150x100.jpg 150w, https:\/\/archive.sana.sy\/tr\/wp-content\/uploads\/2015\/11\/Vak\u0131flar-Bakan\u0131-10-1024x683.jpg 1024w\" sizes=\"auto, (max-width: 300px) 100vw, 300px\" \/><\/a>\n\t\t\t<\/div><\/figure>\n\t\t<\/div>\n\n","protected":false},"excerpt":{"rendered":"<p>\u015eAM \u2013 Vak\u0131flar Bakan\u0131 Muhammed Abd\u00fcssettar el Seyit; \u2018Yazar ve Gazeteciler Suriye&#8217;ye \u0130ltica Ediyor\u2019 giri\u015fiminin, art\u0131k herkes taraf\u0131ndan bilinen belli ba\u015fl\u0131 taraflar\u0131n destekledikleri tekfirci ter\u00f6r\u00fcn Suriye ve halk\u0131na sald\u0131r\u0131lar\u0131na yeni bir kavrama adresi te\u015fkil etti\u011fini ifade etti. Bakan Seyit \u015eam\u2019daki B\u00fcy\u00fck Emeviler Camiinde Giri\u015fim kat\u0131l\u0131mc\u0131lar\u0131yla g\u00f6r\u00fc\u015fmelerinde uygarl\u0131klar be\u015fi\u011fi ve semavi dinlerin kayna\u011f\u0131 olan Suriye&#8217;nin, T\u00fcrkiye&#8217;deki &hellip;<\/p>\n","protected":false},"author":1,"featured_media":51362,"comment_status":"closed","ping_status":"closed","sticky":false,"template":"","format":"standard","meta":{"footnotes":""},"categories":[479,2554,2555,478],"tags":[17566,17565],"class_list":["post-51361","post","type-post","status-publish","format-standard","has-post-thumbnail","","category-haberler-yerel","category-suriye-ve-dunya","category-suriye-ve-turkiye","category-yerel","tag-dayanisma-heyeti","tag-vakiflar-bakani-muhammed-abdussettar-el-seyit"],"_links":{"self":[{"href":"https:\/\/archive.sana.sy\/tr\/index.php?rest_route=\/wp\/v2\/posts\/51361","targetHints":{"allow":["GET"]}}],"collection":[{"href":"https:\/\/archive.sana.sy\/tr\/index.php?rest_route=\/wp\/v2\/posts"}],"about":[{"href":"https:\/\/archive.sana.sy\/tr\/index.php?rest_route=\/wp\/v2\/types\/post"}],"author":[{"embeddable":true,"href":"https:\/\/archive.sana.sy\/tr\/index.php?rest_route=\/wp\/v2\/users\/1"}],"replies":[{"embeddable":true,"href":"https:\/\/archive.sana.sy\/tr\/index.php?rest_route=%2Fwp%2Fv2%2Fcomments&post=51361"}],"version-history":[{"count":0,"href":"https:\/\/archive.sana.sy\/tr\/index.php?rest_route=\/wp\/v2\/posts\/51361\/revisions"}],"wp:featuredmedia":[{"embeddable":true,"href":"https:\/\/archive.sana.sy\/tr\/index.php?rest_route=\/wp\/v2\/media\/51362"}],"wp:attachment":[{"href":"https:\/\/archive.sana.sy\/tr\/index.php?rest_route=%2Fwp%2Fv2%2Fmedia&parent=51361"}],"wp:term":[{"taxonomy":"category","embeddable":true,"href":"https:\/\/archive.sana.sy\/tr\/index.php?rest_route=%2Fwp%2Fv2%2Fcategories&post=51361"},{"taxonomy":"post_tag","embeddable":true,"href":"https:\/\/archive.sana.sy\/tr\/index.php?rest_route=%2Fwp%2Fv2%2Ftags&post=51361"}],"curies":[{"name":"wp","href":"https:\/\/api.w.org\/{rel}","templated":true}]}}