{"id":51379,"date":"2015-11-04T11:37:09","date_gmt":"2015-11-04T09:37:09","guid":{"rendered":"http:\/\/www.sana.sy\/tr\/?p=51379"},"modified":"2015-11-04T12:56:24","modified_gmt":"2015-11-04T10:56:24","slug":"bm-genel-sekreterinin-suriye-ozel-temsilcisi-staffan-de-mistura-suriyedeki-krize-en-kisa-zamanda-siyasi-cozumun-saglanmasi-gereginde-bm-ve-rusyanin-ortak-bir-idrake-sahip-olduklarini-belirtti","status":"publish","type":"post","link":"https:\/\/archive.sana.sy\/tr\/?p=51379","title":{"rendered":"BM genel sekreterinin Suriye \u00f6zel temsilcisi Staffan de Mistura; Suriye&#8217;deki krize en k\u0131sa zamanda siyasi \u00e7\u00f6z\u00fcm\u00fcn sa\u011flanmas\u0131 gere\u011finde BM ve Rusya&#8217;n\u0131n ortak bir idrake sahip olduklar\u0131n\u0131 belirtti."},"content":{"rendered":"<p>BM genel sekreterinin Suriye \u00f6zel temsilcisi Staffan de Mistura; Suriye&#8217;deki krize en k\u0131sa zamanda siyasi \u00e7\u00f6z\u00fcm\u00fcn sa\u011flanmas\u0131 gere\u011finde BM ve Rusya&#8217;n\u0131n ortak bir idrake sahip olduklar\u0131n\u0131 belirtti.<\/p>\n","protected":false},"excerpt":{"rendered":"<p>BM genel sekreterinin Suriye \u00f6zel temsilcisi Staffan de Mistura; Suriye&#8217;deki krize en k\u0131sa zamanda siyasi \u00e7\u00f6z\u00fcm\u00fcn sa\u011flanmas\u0131 gere\u011finde BM ve Rusya&#8217;n\u0131n ortak bir idrake sahip olduklar\u0131n\u0131 belirtti.<\/p>\n","protected":false},"author":1,"featured_media":0,"comment_status":"closed","ping_status":"closed","sticky":false,"template":"","format":"standard","meta":{"footnotes":""},"categories":[1],"tags":[],"class_list":["post-51379","post","type-post","status-publish","format-standard","","category-news-not-sorted"],"_links":{"self":[{"href":"https:\/\/archive.sana.sy\/tr\/index.php?rest_route=\/wp\/v2\/posts\/51379","targetHints":{"allow":["GET"]}}],"collection":[{"href":"https:\/\/archive.sana.sy\/tr\/index.php?rest_route=\/wp\/v2\/posts"}],"about":[{"href":"https:\/\/archive.sana.sy\/tr\/index.php?rest_route=\/wp\/v2\/types\/post"}],"author":[{"embeddable":true,"href":"https:\/\/archive.sana.sy\/tr\/index.php?rest_route=\/wp\/v2\/users\/1"}],"replies":[{"embeddable":true,"href":"https:\/\/archive.sana.sy\/tr\/index.php?rest_route=%2Fwp%2Fv2%2Fcomments&post=51379"}],"version-history":[{"count":0,"href":"https:\/\/archive.sana.sy\/tr\/index.php?rest_route=\/wp\/v2\/posts\/51379\/revisions"}],"wp:attachment":[{"href":"https:\/\/archive.sana.sy\/tr\/index.php?rest_route=%2Fwp%2Fv2%2Fmedia&parent=51379"}],"wp:term":[{"taxonomy":"category","embeddable":true,"href":"https:\/\/archive.sana.sy\/tr\/index.php?rest_route=%2Fwp%2Fv2%2Fcategories&post=51379"},{"taxonomy":"post_tag","embeddable":true,"href":"https:\/\/archive.sana.sy\/tr\/index.php?rest_route=%2Fwp%2Fv2%2Ftags&post=51379"}],"curies":[{"name":"wp","href":"https:\/\/api.w.org\/{rel}","templated":true}]}}