{"id":51383,"date":"2015-11-04T11:45:00","date_gmt":"2015-11-04T09:45:00","guid":{"rendered":"http:\/\/www.sana.sy\/tr\/?p=51383"},"modified":"2015-11-04T13:04:38","modified_gmt":"2015-11-04T11:04:38","slug":"tahrana-is-gezisinde-bulunan-disisleri-ve-gurbetciler-bakani-yardimcisi-faysal-mikdat-ile-bir-araya-gelen-iran-islam-devrimi-liderinin-uluslar-arasi-islerden-sorumlu-mustesari-ali-ekber-velay","status":"publish","type":"post","link":"https:\/\/archive.sana.sy\/tr\/?p=51383","title":{"rendered":"Tahran\u2019a i\u015f gezisinde bulunan D\u0131\u015fi\u015fleri ve Gurbet\u00e7iler Bakan\u0131 Yard\u0131mc\u0131s\u0131 Faysal Mikdat ile bir araya gelen \u0130ran \u0130slam Devrimi Liderinin uluslar aras\u0131 i\u015flerden sorumlu m\u00fcste\u015far\u0131 Ali Ekber Velayeti \u0130ran\u2019\u0131n Suriye&#8217;ye deste\u011finde sabit tutumunu bir kez daha belirtti."},"content":{"rendered":"<p>Tahran\u2019a i\u015f gezisinde bulunan D\u0131\u015fi\u015fleri ve Gurbet\u00e7iler Bakan\u0131 Yard\u0131mc\u0131s\u0131 Faysal Mikdat ile bir araya gelen \u0130ran \u0130slam Devrimi Liderinin uluslar aras\u0131 i\u015flerden sorumlu m\u00fcste\u015far\u0131 Ali Ekber Velayeti \u0130ran\u2019\u0131n Suriye&#8217;ye deste\u011finde sabit tutumunu bir kez daha belirtti.<\/p>\n","protected":false},"excerpt":{"rendered":"<p>Tahran\u2019a i\u015f gezisinde bulunan D\u0131\u015fi\u015fleri ve Gurbet\u00e7iler Bakan\u0131 Yard\u0131mc\u0131s\u0131 Faysal Mikdat ile bir araya gelen \u0130ran \u0130slam Devrimi Liderinin uluslar aras\u0131 i\u015flerden sorumlu m\u00fcste\u015far\u0131 Ali Ekber Velayeti \u0130ran\u2019\u0131n Suriye&#8217;ye deste\u011finde sabit tutumunu bir kez daha belirtti.<\/p>\n","protected":false},"author":1,"featured_media":0,"comment_status":"closed","ping_status":"closed","sticky":false,"template":"","format":"standard","meta":{"footnotes":""},"categories":[1],"tags":[],"class_list":["post-51383","post","type-post","status-publish","format-standard","","category-news-not-sorted"],"_links":{"self":[{"href":"https:\/\/archive.sana.sy\/tr\/index.php?rest_route=\/wp\/v2\/posts\/51383","targetHints":{"allow":["GET"]}}],"collection":[{"href":"https:\/\/archive.sana.sy\/tr\/index.php?rest_route=\/wp\/v2\/posts"}],"about":[{"href":"https:\/\/archive.sana.sy\/tr\/index.php?rest_route=\/wp\/v2\/types\/post"}],"author":[{"embeddable":true,"href":"https:\/\/archive.sana.sy\/tr\/index.php?rest_route=\/wp\/v2\/users\/1"}],"replies":[{"embeddable":true,"href":"https:\/\/archive.sana.sy\/tr\/index.php?rest_route=%2Fwp%2Fv2%2Fcomments&post=51383"}],"version-history":[{"count":0,"href":"https:\/\/archive.sana.sy\/tr\/index.php?rest_route=\/wp\/v2\/posts\/51383\/revisions"}],"wp:attachment":[{"href":"https:\/\/archive.sana.sy\/tr\/index.php?rest_route=%2Fwp%2Fv2%2Fmedia&parent=51383"}],"wp:term":[{"taxonomy":"category","embeddable":true,"href":"https:\/\/archive.sana.sy\/tr\/index.php?rest_route=%2Fwp%2Fv2%2Fcategories&post=51383"},{"taxonomy":"post_tag","embeddable":true,"href":"https:\/\/archive.sana.sy\/tr\/index.php?rest_route=%2Fwp%2Fv2%2Ftags&post=51383"}],"curies":[{"name":"wp","href":"https:\/\/api.w.org\/{rel}","templated":true}]}}