{"id":51387,"date":"2015-11-04T12:04:10","date_gmt":"2015-11-04T10:04:10","guid":{"rendered":"http:\/\/www.sana.sy\/tr\/?p=51387"},"modified":"2015-11-04T13:07:46","modified_gmt":"2015-11-04T11:07:46","slug":"uyusturucuyla-mucadele-subesi-bugun-samda-uyusturucu-kuryeligi-yapan-iki-kisiyi-tutukladiklarini-acikladi","status":"publish","type":"post","link":"https:\/\/archive.sana.sy\/tr\/?p=51387","title":{"rendered":"Uyu\u015fturucuyla M\u00fccadele \u015fubesi bug\u00fcn \u015eam\u2019da uyu\u015fturucu kuryeli\u011fi yapan iki ki\u015fiyi tutuklad\u0131klar\u0131n\u0131 a\u00e7\u0131klad\u0131"},"content":{"rendered":"<p>Uyu\u015fturucuyla M\u00fccadele \u015fubesi bug\u00fcn \u015eam\u2019da uyu\u015fturucu kuryeli\u011fi yapan iki ki\u015fiyi tutuklad\u0131klar\u0131n\u0131 a\u00e7\u0131klad\u0131<\/p>\n","protected":false},"excerpt":{"rendered":"<p>Uyu\u015fturucuyla M\u00fccadele \u015fubesi bug\u00fcn \u015eam\u2019da uyu\u015fturucu kuryeli\u011fi yapan iki ki\u015fiyi tutuklad\u0131klar\u0131n\u0131 a\u00e7\u0131klad\u0131<\/p>\n","protected":false},"author":1,"featured_media":0,"comment_status":"closed","ping_status":"closed","sticky":false,"template":"","format":"standard","meta":{"footnotes":""},"categories":[1],"tags":[],"class_list":["post-51387","post","type-post","status-publish","format-standard","","category-news-not-sorted"],"_links":{"self":[{"href":"https:\/\/archive.sana.sy\/tr\/index.php?rest_route=\/wp\/v2\/posts\/51387","targetHints":{"allow":["GET"]}}],"collection":[{"href":"https:\/\/archive.sana.sy\/tr\/index.php?rest_route=\/wp\/v2\/posts"}],"about":[{"href":"https:\/\/archive.sana.sy\/tr\/index.php?rest_route=\/wp\/v2\/types\/post"}],"author":[{"embeddable":true,"href":"https:\/\/archive.sana.sy\/tr\/index.php?rest_route=\/wp\/v2\/users\/1"}],"replies":[{"embeddable":true,"href":"https:\/\/archive.sana.sy\/tr\/index.php?rest_route=%2Fwp%2Fv2%2Fcomments&post=51387"}],"version-history":[{"count":0,"href":"https:\/\/archive.sana.sy\/tr\/index.php?rest_route=\/wp\/v2\/posts\/51387\/revisions"}],"wp:attachment":[{"href":"https:\/\/archive.sana.sy\/tr\/index.php?rest_route=%2Fwp%2Fv2%2Fmedia&parent=51387"}],"wp:term":[{"taxonomy":"category","embeddable":true,"href":"https:\/\/archive.sana.sy\/tr\/index.php?rest_route=%2Fwp%2Fv2%2Fcategories&post=51387"},{"taxonomy":"post_tag","embeddable":true,"href":"https:\/\/archive.sana.sy\/tr\/index.php?rest_route=%2Fwp%2Fv2%2Ftags&post=51387"}],"curies":[{"name":"wp","href":"https:\/\/api.w.org\/{rel}","templated":true}]}}