{"id":51406,"date":"2015-11-04T14:28:16","date_gmt":"2015-11-04T12:28:16","guid":{"rendered":"http:\/\/www.sana.sy\/tr\/?p=51406"},"modified":"2015-11-04T14:28:16","modified_gmt":"2015-11-04T12:28:16","slug":"araplar-arasinda-en-yaratici-ve-en-cok-hosgorululer-suriyeliler-secildi","status":"publish","type":"post","link":"https:\/\/archive.sana.sy\/tr\/?p=51406","title":{"rendered":"Araplar Aras\u0131nda En Yarat\u0131c\u0131 ve En \u00c7ok Ho\u015fg\u00f6r\u00fcl\u00fcler Suriyeliler Se\u00e7ildi"},"content":{"rendered":"<p>KANADA \u2013 Kanada\u2019da Toronto \u00dcniversitesine tabi Martin Prosperity Institute\u2019nin haz\u0131rlad\u0131\u011f\u0131 bir raporda Suriyeliler Araplar aras\u0131nda en yarat\u0131c\u0131 ve en \u00e7ok ho\u015fg\u00f6r\u00fcl\u00fc insanlar olarak s\u0131n\u0131fland\u0131r\u0131ld\u0131.<\/p>\n<p>D\u00fcnya genelinde 139 \u00fclkesini kapsayan ve \u20183 T\u2019 olarak adland\u0131r\u0131lan teknoloji, yetenek ve ho\u015fg\u00f6r\u00fc g\u00f6stergelerine dayan\u0131larak yap\u0131lan ara\u015ft\u0131rma sonucunda haz\u0131rlanan raporda; 2015 K\u00fcresel \u0130novasyon Endeksi kullan\u0131ld\u0131.<\/p>\n","protected":false},"excerpt":{"rendered":"<p>KANADA \u2013 Kanada\u2019da Toronto \u00dcniversitesine tabi Martin Prosperity Institute\u2019nin haz\u0131rlad\u0131\u011f\u0131 bir raporda Suriyeliler Araplar aras\u0131nda en yarat\u0131c\u0131 ve en \u00e7ok ho\u015fg\u00f6r\u00fcl\u00fc insanlar olarak s\u0131n\u0131fland\u0131r\u0131ld\u0131. D\u00fcnya genelinde 139 \u00fclkesini kapsayan ve \u20183 T\u2019 olarak adland\u0131r\u0131lan teknoloji, yetenek ve ho\u015fg\u00f6r\u00fc g\u00f6stergelerine dayan\u0131larak yap\u0131lan ara\u015ft\u0131rma sonucunda haz\u0131rlanan raporda; 2015 K\u00fcresel \u0130novasyon Endeksi kullan\u0131ld\u0131.<\/p>\n","protected":false},"author":1,"featured_media":51409,"comment_status":"closed","ping_status":"closed","sticky":false,"template":"","format":"standard","meta":{"footnotes":""},"categories":[485,486],"tags":[],"class_list":["post-51406","post","type-post","status-publish","format-standard","has-post-thumbnail","","category-is-ve-sermaye","category-haberler-is-ve-sermaye"],"_links":{"self":[{"href":"https:\/\/archive.sana.sy\/tr\/index.php?rest_route=\/wp\/v2\/posts\/51406","targetHints":{"allow":["GET"]}}],"collection":[{"href":"https:\/\/archive.sana.sy\/tr\/index.php?rest_route=\/wp\/v2\/posts"}],"about":[{"href":"https:\/\/archive.sana.sy\/tr\/index.php?rest_route=\/wp\/v2\/types\/post"}],"author":[{"embeddable":true,"href":"https:\/\/archive.sana.sy\/tr\/index.php?rest_route=\/wp\/v2\/users\/1"}],"replies":[{"embeddable":true,"href":"https:\/\/archive.sana.sy\/tr\/index.php?rest_route=%2Fwp%2Fv2%2Fcomments&post=51406"}],"version-history":[{"count":0,"href":"https:\/\/archive.sana.sy\/tr\/index.php?rest_route=\/wp\/v2\/posts\/51406\/revisions"}],"wp:featuredmedia":[{"embeddable":true,"href":"https:\/\/archive.sana.sy\/tr\/index.php?rest_route=\/wp\/v2\/media\/51409"}],"wp:attachment":[{"href":"https:\/\/archive.sana.sy\/tr\/index.php?rest_route=%2Fwp%2Fv2%2Fmedia&parent=51406"}],"wp:term":[{"taxonomy":"category","embeddable":true,"href":"https:\/\/archive.sana.sy\/tr\/index.php?rest_route=%2Fwp%2Fv2%2Fcategories&post=51406"},{"taxonomy":"post_tag","embeddable":true,"href":"https:\/\/archive.sana.sy\/tr\/index.php?rest_route=%2Fwp%2Fv2%2Ftags&post=51406"}],"curies":[{"name":"wp","href":"https:\/\/api.w.org\/{rel}","templated":true}]}}