{"id":51510,"date":"2015-11-05T11:18:58","date_gmt":"2015-11-05T09:18:58","guid":{"rendered":"http:\/\/www.sana.sy\/tr\/?p=51510"},"modified":"2015-11-05T13:25:48","modified_gmt":"2015-11-05T11:25:48","slug":"hasekede-ise-ordu-birliklerimiz-ulusalci-destek-gucleriyle-isbirligi-icinde-il-kirsalinin-dogusu-haseke-hol-karayolu-uzerinde-isid-tekfircilerine-ait-bombali-bir-araci-imha-etti","status":"publish","type":"post","link":"https:\/\/archive.sana.sy\/tr\/?p=51510","title":{"rendered":"Haseke&#8217;de ise ordu birliklerimiz ulusalc\u0131 destek g\u00fc\u00e7leriyle i\u015fbirli\u011fi i\u00e7inde il k\u0131rsal\u0131n\u0131n do\u011fusu Haseke \u2013 Hol karayolu \u00fczerinde I\u015e\u0130D tekfircilerine ait bombal\u0131 bir arac\u0131 imha etti."},"content":{"rendered":"<p>Haseke&#8217;de ise ordu birliklerimiz ulusalc\u0131 destek g\u00fc\u00e7leriyle i\u015fbirli\u011fi i\u00e7inde il k\u0131rsal\u0131n\u0131n do\u011fusu Haseke \u2013 Hol karayolu \u00fczerinde I\u015e\u0130D tekfircilerine ait bombal\u0131 bir arac\u0131 imha etti.<\/p>\n","protected":false},"excerpt":{"rendered":"<p>Haseke&#8217;de ise ordu birliklerimiz ulusalc\u0131 destek g\u00fc\u00e7leriyle i\u015fbirli\u011fi i\u00e7inde il k\u0131rsal\u0131n\u0131n do\u011fusu Haseke \u2013 Hol karayolu \u00fczerinde I\u015e\u0130D tekfircilerine ait bombal\u0131 bir arac\u0131 imha etti.<\/p>\n","protected":false},"author":1,"featured_media":0,"comment_status":"closed","ping_status":"closed","sticky":false,"template":"","format":"standard","meta":{"footnotes":""},"categories":[1],"tags":[],"class_list":["post-51510","post","type-post","status-publish","format-standard","","category-news-not-sorted"],"_links":{"self":[{"href":"https:\/\/archive.sana.sy\/tr\/index.php?rest_route=\/wp\/v2\/posts\/51510","targetHints":{"allow":["GET"]}}],"collection":[{"href":"https:\/\/archive.sana.sy\/tr\/index.php?rest_route=\/wp\/v2\/posts"}],"about":[{"href":"https:\/\/archive.sana.sy\/tr\/index.php?rest_route=\/wp\/v2\/types\/post"}],"author":[{"embeddable":true,"href":"https:\/\/archive.sana.sy\/tr\/index.php?rest_route=\/wp\/v2\/users\/1"}],"replies":[{"embeddable":true,"href":"https:\/\/archive.sana.sy\/tr\/index.php?rest_route=%2Fwp%2Fv2%2Fcomments&post=51510"}],"version-history":[{"count":0,"href":"https:\/\/archive.sana.sy\/tr\/index.php?rest_route=\/wp\/v2\/posts\/51510\/revisions"}],"wp:attachment":[{"href":"https:\/\/archive.sana.sy\/tr\/index.php?rest_route=%2Fwp%2Fv2%2Fmedia&parent=51510"}],"wp:term":[{"taxonomy":"category","embeddable":true,"href":"https:\/\/archive.sana.sy\/tr\/index.php?rest_route=%2Fwp%2Fv2%2Fcategories&post=51510"},{"taxonomy":"post_tag","embeddable":true,"href":"https:\/\/archive.sana.sy\/tr\/index.php?rest_route=%2Fwp%2Fv2%2Ftags&post=51510"}],"curies":[{"name":"wp","href":"https:\/\/api.w.org\/{rel}","templated":true}]}}