{"id":51594,"date":"2015-11-06T19:42:18","date_gmt":"2015-11-06T17:42:18","guid":{"rendered":"http:\/\/sana.sy\/tr\/?p=51594"},"modified":"2015-11-06T19:42:18","modified_gmt":"2015-11-06T17:42:18","slug":"askeri-kaynak-hava-guclerimizin-halep-kirsali-resm-el-abd-seyh-ahmet-um-arkiyle-mefilse-guney-kuvayres-ve-havacilik-akademisi-civari-bolgelerinde-teroristlerin-siper-ve-yuvalarini-muhtevalariyla","status":"publish","type":"post","link":"https:\/\/archive.sana.sy\/tr\/?p=51594","title":{"rendered":"Askeri kaynak; hava g\u00fc\u00e7lerimizin Halep k\u0131rsal\u0131 Resm el Abd, \u015eeyh Ahmet, Um Arkiyle, Mefilse, G\u00fcney Kuvayres ve Havac\u0131l\u0131k Akademisi civar\u0131 b\u00f6lgelerinde ter\u00f6ristlerin siper ve yuvalar\u0131n\u0131 muhtevalar\u0131yla birlikte imha ettiklerini s\u00f6yledi"},"content":{"rendered":"<p>Askeri kaynak; hava g\u00fc\u00e7lerimizin Halep k\u0131rsal\u0131 Resm el Abd, \u015eeyh Ahmet, Um Arkiyle, Mefilse, G\u00fcney Kuvayres ve Havac\u0131l\u0131k Akademisi civar\u0131 b\u00f6lgelerinde ter\u00f6ristlerin siper ve yuvalar\u0131n\u0131 muhtevalar\u0131yla birlikte imha ettiklerini s\u00f6yledi<\/p>\n","protected":false},"excerpt":{"rendered":"<p>Askeri kaynak; hava g\u00fc\u00e7lerimizin Halep k\u0131rsal\u0131 Resm el Abd, \u015eeyh Ahmet, Um Arkiyle, Mefilse, G\u00fcney Kuvayres ve Havac\u0131l\u0131k Akademisi civar\u0131 b\u00f6lgelerinde ter\u00f6ristlerin siper ve yuvalar\u0131n\u0131 muhtevalar\u0131yla birlikte imha ettiklerini s\u00f6yledi<\/p>\n","protected":false},"author":1,"featured_media":0,"comment_status":"closed","ping_status":"closed","sticky":false,"template":"","format":"standard","meta":{"footnotes":""},"categories":[1],"tags":[17601,17605,17604,17602,17603],"class_list":["post-51594","post","type-post","status-publish","format-standard","","category-news-not-sorted","tag-askeri-kaynak-hava-guclerimizin-halep-kirsali-resm-el-abd","tag-guney-kuvayres-ve-havacilik-akademisi-civari-bolgelerinde-teroristlerin-siper-ve-yuvalarini-muhtevalariyla-birlikte-imha-ettiklerini-soyledi","tag-mefilse","tag-seyh-ahmet","tag-um-arkiyle"],"_links":{"self":[{"href":"https:\/\/archive.sana.sy\/tr\/index.php?rest_route=\/wp\/v2\/posts\/51594","targetHints":{"allow":["GET"]}}],"collection":[{"href":"https:\/\/archive.sana.sy\/tr\/index.php?rest_route=\/wp\/v2\/posts"}],"about":[{"href":"https:\/\/archive.sana.sy\/tr\/index.php?rest_route=\/wp\/v2\/types\/post"}],"author":[{"embeddable":true,"href":"https:\/\/archive.sana.sy\/tr\/index.php?rest_route=\/wp\/v2\/users\/1"}],"replies":[{"embeddable":true,"href":"https:\/\/archive.sana.sy\/tr\/index.php?rest_route=%2Fwp%2Fv2%2Fcomments&post=51594"}],"version-history":[{"count":0,"href":"https:\/\/archive.sana.sy\/tr\/index.php?rest_route=\/wp\/v2\/posts\/51594\/revisions"}],"wp:attachment":[{"href":"https:\/\/archive.sana.sy\/tr\/index.php?rest_route=%2Fwp%2Fv2%2Fmedia&parent=51594"}],"wp:term":[{"taxonomy":"category","embeddable":true,"href":"https:\/\/archive.sana.sy\/tr\/index.php?rest_route=%2Fwp%2Fv2%2Fcategories&post=51594"},{"taxonomy":"post_tag","embeddable":true,"href":"https:\/\/archive.sana.sy\/tr\/index.php?rest_route=%2Fwp%2Fv2%2Ftags&post=51594"}],"curies":[{"name":"wp","href":"https:\/\/api.w.org\/{rel}","templated":true}]}}