{"id":51596,"date":"2015-11-07T11:01:29","date_gmt":"2015-11-07T09:01:29","guid":{"rendered":"http:\/\/www.sana.sy\/tr\/?p=51596"},"modified":"2015-11-07T11:01:29","modified_gmt":"2015-11-07T09:01:29","slug":"hassun-suriye-krizi-yerel-bir-konu-degildir-kriz-butun-dunyayi-kaygilandiriyor","status":"publish","type":"post","link":"https:\/\/archive.sana.sy\/tr\/?p=51596","title":{"rendered":"Hassun: Suriye Krizi Yerel Bir Konu De\u011fildir\u2026 Kriz B\u00fct\u00fcn D\u00fcnyay\u0131 Kayg\u0131land\u0131r\u0131yor"},"content":{"rendered":"<p>MOSKOVA \u2013 Cumhuriyet Ba\u015f M\u00fcft\u00fcs\u00fc Ahmet Bedrettin Hassun, Suriye krizinin yerel bir konu olmay\u0131p ve b\u00fct\u00fcn d\u00fcnyay\u0131 kayg\u0131land\u0131ran bir boyuta ula\u015ft\u0131\u011f\u0131n\u0131 dile getirerek b\u00f6lge devletlerinden dini devlet\u00e7ikler kurma \u00e7a\u011fr\u0131lar\u0131n\u0131n tehlikesine dikkat \u00e7ekti.<\/p>\n<p>D\u00fcn Moskova\u2019da bir bas\u0131n konferans\u0131 d\u00fczenleyen Hassun; ABD, \u0130ngiltere, Fransa ve Bat\u0131l\u0131 di\u011fer devletlerin onlarca \u00fclkeden toplad\u0131klar\u0131 katil s\u00fcr\u00fclerini Suriye\u2019ye g\u00f6nderdiklerine i\u015faret ederek bu katil s\u00fcrelerinin Suriye\u2019de binlerce y\u0131ll\u0131k uygarl\u0131\u011f\u0131 tahrip etmek amac\u0131yla Suriye halk\u0131n\u0131, camileri, kiliseleri, okullar\u0131, hastaneleri ve b\u00fct\u00fcn alt yap\u0131 ve hizmet kurumlar\u0131n\u0131 hedef ald\u0131klar\u0131n\u0131 ibraz etti.<\/p>\n<p>Suriye\u2019de radikal din projesinin ba\u015flat\u0131lmas\u0131n\u0131n amac\u0131n\u0131n, b\u00f6lgede laik, egemen ve ba\u011f\u0131ms\u0131z niteliklere sahip tek devlet olan Suriye devletinin birlik ve b\u00fct\u00fcnl\u00fc\u011f\u00fcn\u00fc ortadan kald\u0131rmay\u0131 ama\u00e7lad\u0131\u011f\u0131na dikkat \u00e7eken Hassun; Suriye halk\u0131n\u0131n, onlarca y\u0131l \u00f6ncesinden ABD hegemonyas\u0131 ve telkinlerini reddeden devleti hedef alan bu sald\u0131r\u0131lar\u0131n tehlikesini idrak etti\u011fini ve bu sald\u0131r\u0131lar kar\u015f\u0131s\u0131nda boyun e\u011fmedi\u011fini vurgulad\u0131.<\/p>\n<p>Rusya\u2019n\u0131n bu s\u00fcre\u00e7te Suriye halk\u0131 ve y\u00f6netiminin yan\u0131nda yer almas\u0131n\u0131n \u00f6nemini ifade eden Hassun; Rusya\u2019n\u0131n, Suriyeli muhalefetinin diyalog ve siyasi \u00e7\u00f6z\u00fcm s\u00fcrecine kat\u0131lmas\u0131 i\u00e7in \u00fc\u00e7 y\u0131ld\u0131r ciddi bir \u00e7aba harcad\u0131\u011f\u0131na dikkat \u00e7ekerek ABD ve kimi Arap rejimlerin diyalog ve siyasi \u00e7\u00f6z\u00fcm s\u00fcrecini engelleme \u00e7abas\u0131n\u0131n bu s\u00fcreci daha da uzatt\u0131\u011f\u0131n\u0131 belirtti.<\/p>\n<p>Moskova ziyareti kapsam\u0131nda ayr\u0131ca Suriye-Rusya Dostluk Cemiyeti \u00fcyeleri ile bir araya gelen Hassun; Suriye ve Rusya halklar\u0131n\u0131n uzun y\u0131llar \u00f6ncesinden bug\u00fcne uzanan k\u00f6kl\u00fc karde\u015flik ve dostluk ili\u015fkilerinin g\u00fc\u00e7lenmeye devam etti\u011fini dile getirdi.<\/p>\n<p>F.B.<\/p>\n","protected":false},"excerpt":{"rendered":"<p>MOSKOVA \u2013 Cumhuriyet Ba\u015f M\u00fcft\u00fcs\u00fc Ahmet Bedrettin Hassun, Suriye krizinin yerel bir konu olmay\u0131p ve b\u00fct\u00fcn d\u00fcnyay\u0131 kayg\u0131land\u0131ran bir boyuta ula\u015ft\u0131\u011f\u0131n\u0131 dile getirerek b\u00f6lge devletlerinden dini devlet\u00e7ikler kurma \u00e7a\u011fr\u0131lar\u0131n\u0131n tehlikesine dikkat \u00e7ekti. D\u00fcn Moskova\u2019da bir bas\u0131n konferans\u0131 d\u00fczenleyen Hassun; ABD, \u0130ngiltere, Fransa ve Bat\u0131l\u0131 di\u011fer devletlerin onlarca \u00fclkeden toplad\u0131klar\u0131 katil s\u00fcr\u00fclerini Suriye\u2019ye g\u00f6nderdiklerine i\u015faret ederek &hellip;<\/p>\n","protected":false},"author":1,"featured_media":51597,"comment_status":"closed","ping_status":"closed","sticky":false,"template":"","format":"standard","meta":{"footnotes":""},"categories":[458,459,447],"tags":[16189],"class_list":["post-51596","post","type-post","status-publish","format-standard","has-post-thumbnail","","category-dunya1","category-haberler-arap-uluslararasi-politika","category-politika","tag-cumhuriyet-bas-muftusu-ahmet-bedrettin-hassun"],"_links":{"self":[{"href":"https:\/\/archive.sana.sy\/tr\/index.php?rest_route=\/wp\/v2\/posts\/51596","targetHints":{"allow":["GET"]}}],"collection":[{"href":"https:\/\/archive.sana.sy\/tr\/index.php?rest_route=\/wp\/v2\/posts"}],"about":[{"href":"https:\/\/archive.sana.sy\/tr\/index.php?rest_route=\/wp\/v2\/types\/post"}],"author":[{"embeddable":true,"href":"https:\/\/archive.sana.sy\/tr\/index.php?rest_route=\/wp\/v2\/users\/1"}],"replies":[{"embeddable":true,"href":"https:\/\/archive.sana.sy\/tr\/index.php?rest_route=%2Fwp%2Fv2%2Fcomments&post=51596"}],"version-history":[{"count":0,"href":"https:\/\/archive.sana.sy\/tr\/index.php?rest_route=\/wp\/v2\/posts\/51596\/revisions"}],"wp:featuredmedia":[{"embeddable":true,"href":"https:\/\/archive.sana.sy\/tr\/index.php?rest_route=\/wp\/v2\/media\/51597"}],"wp:attachment":[{"href":"https:\/\/archive.sana.sy\/tr\/index.php?rest_route=%2Fwp%2Fv2%2Fmedia&parent=51596"}],"wp:term":[{"taxonomy":"category","embeddable":true,"href":"https:\/\/archive.sana.sy\/tr\/index.php?rest_route=%2Fwp%2Fv2%2Fcategories&post=51596"},{"taxonomy":"post_tag","embeddable":true,"href":"https:\/\/archive.sana.sy\/tr\/index.php?rest_route=%2Fwp%2Fv2%2Ftags&post=51596"}],"curies":[{"name":"wp","href":"https:\/\/api.w.org\/{rel}","templated":true}]}}