{"id":51599,"date":"2015-11-07T11:05:53","date_gmt":"2015-11-07T09:05:53","guid":{"rendered":"http:\/\/www.sana.sy\/tr\/?p=51599"},"modified":"2015-11-07T11:05:53","modified_gmt":"2015-11-07T09:05:53","slug":"kadiri-hukumet-kadinlarin-uretim-ve-ekonomide-aktif-olmalarina-onem-veriyor","status":"publish","type":"post","link":"https:\/\/archive.sana.sy\/tr\/?p=51599","title":{"rendered":"Kadiri: H\u00fck\u00fcmet Kad\u0131nlar\u0131n \u00dcretim ve Ekonomide Aktif Olmalar\u0131na \u00d6nem Veriyor"},"content":{"rendered":"<p>HOMS \u2013 Sosyal \u0130\u015fler Bakan\u0131 Rima el Kadiri, \u00e7ocuk su\u00e7lular\u0131n g\u00f6zetim ve rehabilitasyonuna \u00f6nem verilerek \u0131slah merkezlerinden ayr\u0131ld\u0131ktan sonra topluma etkin ve pozitif bir kat\u0131l\u0131m sa\u011flamalar\u0131n\u0131n \u00f6n\u00fcn\u00fc a\u00e7mak amac\u0131yla takip ve denetimlerinin s\u00fcrmesi gerekti\u011fini ifade etti.<\/p>\n<p><a href=\"http:\/\/www.sana.sy\/tr\/wp-content\/uploads\/2015\/11\/09.jpg\"><img loading=\"lazy\" decoding=\"async\" class=\"alignright wp-image-51600 size-medium\" src=\"http:\/\/www.sana.sy\/tr\/wp-content\/uploads\/2015\/11\/09-300x150.jpg\" alt=\"0\" width=\"300\" height=\"150\" srcset=\"https:\/\/archive.sana.sy\/tr\/wp-content\/uploads\/2015\/11\/09-300x150.jpg 300w, https:\/\/archive.sana.sy\/tr\/wp-content\/uploads\/2015\/11\/09-150x75.jpg 150w, https:\/\/archive.sana.sy\/tr\/wp-content\/uploads\/2015\/11\/09.jpg 660w\" sizes=\"auto, (max-width: 300px) 100vw, 300px\" \/><\/a>D\u00fcn Homs Islah Merkezinde bulunan \u00e7ocuklar\u0131n haz\u0131rlam\u0131\u015f olduklar\u0131 el sanatlar\u0131 eserlerinin yer ald\u0131\u011f\u0131 serginin a\u00e7\u0131l\u0131\u015f\u0131na kat\u0131lan el Kadiri; her \u0131slah merkezinin bir e\u011fitim ve psikolojik destek program\u0131 bulunmas\u0131 gerekti\u011fini dile getirerek merkezde bulunan her vakan\u0131n kendi \u00f6znelli\u011fi kapsam\u0131nda incelenmesinin \u00f6nemini vurgulad\u0131.<\/p>\n<p>Serginin a\u00e7\u0131l\u0131\u015f t\u00f6reninden sonra Tarin K\u00f6y\u00fcnde bulunan diki\u015f ve triko at\u00f6lyelerini ziyaret eden Kadiri; h\u00fck\u00fcmetin \u00fcretim at\u00f6lyelerine b\u00fcy\u00fck bir \u00f6nem verdi\u011fini \u00f6zellikle de kad\u0131nlar\u0131n \u00fcretim ve ekonomi alanlar\u0131nda aktif olmalar\u0131 y\u00f6n\u00fcndeki projelere \u00f6nemli bir destek sa\u011flad\u0131\u011f\u0131n\u0131n alt\u0131n\u0131 \u00e7izdi.<\/p>\n<p>F.B.<\/p>\n","protected":false},"excerpt":{"rendered":"<p>HOMS \u2013 Sosyal \u0130\u015fler Bakan\u0131 Rima el Kadiri, \u00e7ocuk su\u00e7lular\u0131n g\u00f6zetim ve rehabilitasyonuna \u00f6nem verilerek \u0131slah merkezlerinden ayr\u0131ld\u0131ktan sonra topluma etkin ve pozitif bir kat\u0131l\u0131m sa\u011flamalar\u0131n\u0131n \u00f6n\u00fcn\u00fc a\u00e7mak amac\u0131yla takip ve denetimlerinin s\u00fcrmesi gerekti\u011fini ifade etti. D\u00fcn Homs Islah Merkezinde bulunan \u00e7ocuklar\u0131n haz\u0131rlam\u0131\u015f olduklar\u0131 el sanatlar\u0131 eserlerinin yer ald\u0131\u011f\u0131 serginin a\u00e7\u0131l\u0131\u015f\u0131na kat\u0131lan el Kadiri; her &hellip;<\/p>\n","protected":false},"author":1,"featured_media":51601,"comment_status":"closed","ping_status":"closed","sticky":false,"template":"","format":"standard","meta":{"footnotes":""},"categories":[526,479,525,478],"tags":[],"class_list":["post-51599","post","type-post","status-publish","format-standard","has-post-thumbnail","","category-haber-ve-raporlar","category-haberler-yerel","category-toplum","category-yerel"],"_links":{"self":[{"href":"https:\/\/archive.sana.sy\/tr\/index.php?rest_route=\/wp\/v2\/posts\/51599","targetHints":{"allow":["GET"]}}],"collection":[{"href":"https:\/\/archive.sana.sy\/tr\/index.php?rest_route=\/wp\/v2\/posts"}],"about":[{"href":"https:\/\/archive.sana.sy\/tr\/index.php?rest_route=\/wp\/v2\/types\/post"}],"author":[{"embeddable":true,"href":"https:\/\/archive.sana.sy\/tr\/index.php?rest_route=\/wp\/v2\/users\/1"}],"replies":[{"embeddable":true,"href":"https:\/\/archive.sana.sy\/tr\/index.php?rest_route=%2Fwp%2Fv2%2Fcomments&post=51599"}],"version-history":[{"count":0,"href":"https:\/\/archive.sana.sy\/tr\/index.php?rest_route=\/wp\/v2\/posts\/51599\/revisions"}],"wp:featuredmedia":[{"embeddable":true,"href":"https:\/\/archive.sana.sy\/tr\/index.php?rest_route=\/wp\/v2\/media\/51601"}],"wp:attachment":[{"href":"https:\/\/archive.sana.sy\/tr\/index.php?rest_route=%2Fwp%2Fv2%2Fmedia&parent=51599"}],"wp:term":[{"taxonomy":"category","embeddable":true,"href":"https:\/\/archive.sana.sy\/tr\/index.php?rest_route=%2Fwp%2Fv2%2Fcategories&post=51599"},{"taxonomy":"post_tag","embeddable":true,"href":"https:\/\/archive.sana.sy\/tr\/index.php?rest_route=%2Fwp%2Fv2%2Ftags&post=51599"}],"curies":[{"name":"wp","href":"https:\/\/api.w.org\/{rel}","templated":true}]}}