{"id":51621,"date":"2015-11-07T12:35:47","date_gmt":"2015-11-07T10:35:47","guid":{"rendered":"http:\/\/www.sana.sy\/tr\/?p=51621"},"modified":"2015-11-07T12:54:38","modified_gmt":"2015-11-07T10:54:38","slug":"halepte-ise-askeri-kaynak-sanaya-aciklamasinda-hava-guclerimizin-il-kirsalinin-dogusu-seyh-ahmet-um-arkiyle-tel-ahmar-ve-resm-el-abd-bolgelerinde-isid-mevkileri-ve-araclarini-imha","status":"publish","type":"post","link":"https:\/\/archive.sana.sy\/tr\/?p=51621","title":{"rendered":"Halep\u2019te askeri kaynak SANA\u2019ya a\u00e7\u0131klamas\u0131nda hava g\u00fc\u00e7lerimizin il k\u0131rsal\u0131n\u0131n do\u011fusu \u015eeyh Ahmet, Um Arkiyle, Tel Ahmar ve Resm el Abd b\u00f6lgelerinde I\u015e\u0130D mevkileri ve ara\u00e7lar\u0131n\u0131 imha ederek \u00e7ok say\u0131da tekfirciyi ter\u00f6r edatlar\u0131yla birlikte etkisizle\u015ftirdiklerini aktard\u0131."},"content":{"rendered":"<p>Halep\u2019te askeri kaynak SANA\u2019ya a\u00e7\u0131klamas\u0131nda hava g\u00fc\u00e7lerimizin il k\u0131rsal\u0131n\u0131n do\u011fusu \u015eeyh Ahmet, Um Arkiyle, Tel Ahmar ve Resm el Abd b\u00f6lgelerinde I\u015e\u0130D mevkileri ve ara\u00e7lar\u0131n\u0131 imha ederek \u00e7ok say\u0131da tekfirciyi ter\u00f6r edatlar\u0131yla birlikte etkisizle\u015ftirdiklerini aktard\u0131.<\/p>\n","protected":false},"excerpt":{"rendered":"<p>Halep\u2019te askeri kaynak SANA\u2019ya a\u00e7\u0131klamas\u0131nda hava g\u00fc\u00e7lerimizin il k\u0131rsal\u0131n\u0131n do\u011fusu \u015eeyh Ahmet, Um Arkiyle, Tel Ahmar ve Resm el Abd b\u00f6lgelerinde I\u015e\u0130D mevkileri ve ara\u00e7lar\u0131n\u0131 imha ederek \u00e7ok say\u0131da tekfirciyi ter\u00f6r edatlar\u0131yla birlikte etkisizle\u015ftirdiklerini aktard\u0131.<\/p>\n","protected":false},"author":1,"featured_media":0,"comment_status":"closed","ping_status":"closed","sticky":false,"template":"","format":"standard","meta":{"footnotes":""},"categories":[1],"tags":[],"class_list":["post-51621","post","type-post","status-publish","format-standard","","category-news-not-sorted"],"_links":{"self":[{"href":"https:\/\/archive.sana.sy\/tr\/index.php?rest_route=\/wp\/v2\/posts\/51621","targetHints":{"allow":["GET"]}}],"collection":[{"href":"https:\/\/archive.sana.sy\/tr\/index.php?rest_route=\/wp\/v2\/posts"}],"about":[{"href":"https:\/\/archive.sana.sy\/tr\/index.php?rest_route=\/wp\/v2\/types\/post"}],"author":[{"embeddable":true,"href":"https:\/\/archive.sana.sy\/tr\/index.php?rest_route=\/wp\/v2\/users\/1"}],"replies":[{"embeddable":true,"href":"https:\/\/archive.sana.sy\/tr\/index.php?rest_route=%2Fwp%2Fv2%2Fcomments&post=51621"}],"version-history":[{"count":0,"href":"https:\/\/archive.sana.sy\/tr\/index.php?rest_route=\/wp\/v2\/posts\/51621\/revisions"}],"wp:attachment":[{"href":"https:\/\/archive.sana.sy\/tr\/index.php?rest_route=%2Fwp%2Fv2%2Fmedia&parent=51621"}],"wp:term":[{"taxonomy":"category","embeddable":true,"href":"https:\/\/archive.sana.sy\/tr\/index.php?rest_route=%2Fwp%2Fv2%2Fcategories&post=51621"},{"taxonomy":"post_tag","embeddable":true,"href":"https:\/\/archive.sana.sy\/tr\/index.php?rest_route=%2Fwp%2Fv2%2Ftags&post=51621"}],"curies":[{"name":"wp","href":"https:\/\/api.w.org\/{rel}","templated":true}]}}