{"id":51623,"date":"2015-11-07T13:31:18","date_gmt":"2015-11-07T11:31:18","guid":{"rendered":"http:\/\/www.sana.sy\/tr\/?p=51623"},"modified":"2015-11-07T14:51:32","modified_gmt":"2015-11-07T12:51:32","slug":"suriyelilerin-reel-bir-reaksiyon-tabaninda-bulusmalari-onemlidir","status":"publish","type":"post","link":"https:\/\/archive.sana.sy\/tr\/?p=51623","title":{"rendered":"Suriyelilerin Reel Bir Reaksiyon Taban\u0131nda Bulu\u015fmalar\u0131 \u00d6nemlidir"},"content":{"rendered":"<p>\u015eAM \u2013 \u015eam\u2019da bug\u00fcn \u2018Hep Birlikte \u015eam\u2019a 1\u2019 slogan\u0131 alt\u0131nda d\u00fczenlenen Ulusalc\u0131 G\u00fc\u00e7ler Forumunun kat\u0131l\u0131mc\u0131lar\u0131 yurti\u00e7inde bulunan demokratik yurtsever g\u00fc\u00e7lerin birle\u015ftirilip ulusal karar mekanizmas\u0131na kat\u0131lmalar\u0131 \u00f6nemini vurgulad\u0131.<\/p>\n<p>Kat\u0131l\u0131mc\u0131lar ulusalc\u0131 g\u00fc\u00e7lerin karar mekanizmas\u0131na ortak edilmelerinin, Suriye&#8217;nin maruz kald\u0131\u011f\u0131 ter\u00f6r ve radikal ideolojiye kar\u015f\u0131 direk m\u00fccadelede mutlak bir gereklilik te\u015fkil etti\u011fini belirtti.<\/p>\n<p><a href=\"http:\/\/www.sana.sy\/tr\/wp-content\/uploads\/2015\/11\/120.jpg\"><img loading=\"lazy\" decoding=\"async\" class=\"alignright wp-image-51632 size-medium\" src=\"http:\/\/www.sana.sy\/tr\/wp-content\/uploads\/2015\/11\/120-300x201.jpg\" alt=\"1\" width=\"300\" height=\"201\" srcset=\"https:\/\/archive.sana.sy\/tr\/wp-content\/uploads\/2015\/11\/120-300x201.jpg 300w, https:\/\/archive.sana.sy\/tr\/wp-content\/uploads\/2015\/11\/120-150x101.jpg 150w, https:\/\/archive.sana.sy\/tr\/wp-content\/uploads\/2015\/11\/120-1024x686.jpg 1024w\" sizes=\"auto, (max-width: 300px) 100vw, 300px\" \/><\/a>Forumda konu\u015fan Ulusal Uzla\u015fma \u0130\u015flerinden Sorumlu Devlet Bakan\u0131 Ali Haydar; t\u00fcm vatan evlatlar\u0131n\u0131 bir arada birle\u015ftirecek ve ortak bir ya\u015fam i\u00e7in \u00e7\u0131karlar\u0131n\u0131 kollayacak gelecek y\u00f6n\u00fcnde ortak bir vizyonun olu\u015fturulmas\u0131nda Suriyelilerin reel bir reaksiyon taban\u0131nda bulu\u015fmalar\u0131n\u0131n \u00f6nemine dikkat \u00e7ekti.<\/p>\n<p>Bakan Haydar ulusalc\u0131 proje ve programlarda Suriyelilerin istisnas\u0131z t\u00fcm bile\u015fenlerinin ortak \u00e7al\u0131\u015fmalarda bulunmalar\u0131 \u00f6neminin alt\u0131n\u0131 \u00e7izdi.<\/p>\n<p>\u015eam\u2019daki Kasr el Kaysar Otelinde d\u00fczenlenen foruma ulusalc\u0131 bir\u00e7ok parti ba\u015fkan\u0131 ve genel sekreterinin yan\u0131 s\u0131ra Suriye a\u015firetlerinin temsilcileri ve sivil toplum kurumlar\u0131 kat\u0131l\u0131yor.<\/p>\n","protected":false},"excerpt":{"rendered":"<p>\u015eAM \u2013 \u015eam\u2019da bug\u00fcn \u2018Hep Birlikte \u015eam\u2019a 1\u2019 slogan\u0131 alt\u0131nda d\u00fczenlenen Ulusalc\u0131 G\u00fc\u00e7ler Forumunun kat\u0131l\u0131mc\u0131lar\u0131 yurti\u00e7inde bulunan demokratik yurtsever g\u00fc\u00e7lerin birle\u015ftirilip ulusal karar mekanizmas\u0131na kat\u0131lmalar\u0131 \u00f6nemini vurgulad\u0131. Kat\u0131l\u0131mc\u0131lar ulusalc\u0131 g\u00fc\u00e7lerin karar mekanizmas\u0131na ortak edilmelerinin, Suriye&#8217;nin maruz kald\u0131\u011f\u0131 ter\u00f6r ve radikal ideolojiye kar\u015f\u0131 direk m\u00fccadelede mutlak bir gereklilik te\u015fkil etti\u011fini belirtti. Forumda konu\u015fan Ulusal Uzla\u015fma \u0130\u015flerinden &hellip;<\/p>\n","protected":false},"author":1,"featured_media":51631,"comment_status":"closed","ping_status":"closed","sticky":false,"template":"","format":"standard","meta":{"footnotes":""},"categories":[526,479,525,478],"tags":[17610,17534],"class_list":["post-51623","post","type-post","status-publish","format-standard","has-post-thumbnail","","category-haber-ve-raporlar","category-haberler-yerel","category-toplum","category-yerel","tag-hep-birlikte-sama-1","tag-ulusal-uzlasma-islerinden-sorumlu-devlet-bakani-ali-haydar"],"_links":{"self":[{"href":"https:\/\/archive.sana.sy\/tr\/index.php?rest_route=\/wp\/v2\/posts\/51623","targetHints":{"allow":["GET"]}}],"collection":[{"href":"https:\/\/archive.sana.sy\/tr\/index.php?rest_route=\/wp\/v2\/posts"}],"about":[{"href":"https:\/\/archive.sana.sy\/tr\/index.php?rest_route=\/wp\/v2\/types\/post"}],"author":[{"embeddable":true,"href":"https:\/\/archive.sana.sy\/tr\/index.php?rest_route=\/wp\/v2\/users\/1"}],"replies":[{"embeddable":true,"href":"https:\/\/archive.sana.sy\/tr\/index.php?rest_route=%2Fwp%2Fv2%2Fcomments&post=51623"}],"version-history":[{"count":0,"href":"https:\/\/archive.sana.sy\/tr\/index.php?rest_route=\/wp\/v2\/posts\/51623\/revisions"}],"wp:featuredmedia":[{"embeddable":true,"href":"https:\/\/archive.sana.sy\/tr\/index.php?rest_route=\/wp\/v2\/media\/51631"}],"wp:attachment":[{"href":"https:\/\/archive.sana.sy\/tr\/index.php?rest_route=%2Fwp%2Fv2%2Fmedia&parent=51623"}],"wp:term":[{"taxonomy":"category","embeddable":true,"href":"https:\/\/archive.sana.sy\/tr\/index.php?rest_route=%2Fwp%2Fv2%2Fcategories&post=51623"},{"taxonomy":"post_tag","embeddable":true,"href":"https:\/\/archive.sana.sy\/tr\/index.php?rest_route=%2Fwp%2Fv2%2Ftags&post=51623"}],"curies":[{"name":"wp","href":"https:\/\/api.w.org\/{rel}","templated":true}]}}