{"id":51628,"date":"2015-11-07T13:54:38","date_gmt":"2015-11-07T11:54:38","guid":{"rendered":"http:\/\/www.sana.sy\/tr\/?p=51628"},"modified":"2015-11-07T13:54:38","modified_gmt":"2015-11-07T11:54:38","slug":"suriyeyi-zindaki-ve-esad-temsil-edecek","status":"publish","type":"post","link":"https:\/\/archive.sana.sy\/tr\/?p=51628","title":{"rendered":"Suriye&#8217;yi Zindaki ve Esad Temsil Edecek"},"content":{"rendered":"<p>\u015eAM \u2013 Uluslararas\u0131 At Yar\u0131\u015flar\u0131 Federasyonu d\u00fczenlenecek d\u00fcnya \u00e7ocuk jokeyler at yar\u0131\u015flar\u0131na kat\u0131lacak jokeylerin nihai listesini a\u00e7\u0131klad\u0131.<\/p>\n<p>Federasyonun ilan etti\u011fi listede Suriye&#8217;yi Jokey Mumin Zindaki ve Jokey \u015eam el Esad temsil edecek.<\/p>\n<p>D\u00fcnya genelinden 135 jokeyin kat\u0131ld\u0131klar\u0131 elemelerde Jokey Zindaki 13. S\u0131rada yer al\u0131rken, Jokey Esad ise 14. S\u0131rada yer alm\u0131\u015flard\u0131.<\/p>\n<p>Suriyeli jokey Faris el Gali ge\u00e7en y\u0131l Brezilya\u2019da d\u00fczenlenen D\u00fcnya \u00c7ocuk Jokeyleri At Yar\u0131\u015flar\u0131 \u015eampiyonas\u0131nda d\u00f6rd\u00fcnc\u00fc s\u0131rada yer alm\u0131\u015f ve en iyi jokey unvan\u0131n\u0131 kazanm\u0131\u015ft\u0131.<\/p>\n","protected":false},"excerpt":{"rendered":"<p>\u015eAM \u2013 Uluslararas\u0131 At Yar\u0131\u015flar\u0131 Federasyonu d\u00fczenlenecek d\u00fcnya \u00e7ocuk jokeyler at yar\u0131\u015flar\u0131na kat\u0131lacak jokeylerin nihai listesini a\u00e7\u0131klad\u0131. Federasyonun ilan etti\u011fi listede Suriye&#8217;yi Jokey Mumin Zindaki ve Jokey \u015eam el Esad temsil edecek. D\u00fcnya genelinden 135 jokeyin kat\u0131ld\u0131klar\u0131 elemelerde Jokey Zindaki 13. S\u0131rada yer al\u0131rken, Jokey Esad ise 14. S\u0131rada yer alm\u0131\u015flard\u0131. Suriyeli jokey Faris el &hellip;<\/p>\n","protected":false},"author":1,"featured_media":51629,"comment_status":"closed","ping_status":"closed","sticky":false,"template":"","format":"standard","meta":{"footnotes":""},"categories":[498,496],"tags":[17612,17613,17611],"class_list":["post-51628","post","type-post","status-publish","format-standard","has-post-thumbnail","","category-dunya-turnuvalari","category-spor","tag-jokey-mumin-zindaki","tag-jokey-sam-el-esad","tag-uluslararasi-at-yarislari-federasyonu"],"_links":{"self":[{"href":"https:\/\/archive.sana.sy\/tr\/index.php?rest_route=\/wp\/v2\/posts\/51628","targetHints":{"allow":["GET"]}}],"collection":[{"href":"https:\/\/archive.sana.sy\/tr\/index.php?rest_route=\/wp\/v2\/posts"}],"about":[{"href":"https:\/\/archive.sana.sy\/tr\/index.php?rest_route=\/wp\/v2\/types\/post"}],"author":[{"embeddable":true,"href":"https:\/\/archive.sana.sy\/tr\/index.php?rest_route=\/wp\/v2\/users\/1"}],"replies":[{"embeddable":true,"href":"https:\/\/archive.sana.sy\/tr\/index.php?rest_route=%2Fwp%2Fv2%2Fcomments&post=51628"}],"version-history":[{"count":0,"href":"https:\/\/archive.sana.sy\/tr\/index.php?rest_route=\/wp\/v2\/posts\/51628\/revisions"}],"wp:featuredmedia":[{"embeddable":true,"href":"https:\/\/archive.sana.sy\/tr\/index.php?rest_route=\/wp\/v2\/media\/51629"}],"wp:attachment":[{"href":"https:\/\/archive.sana.sy\/tr\/index.php?rest_route=%2Fwp%2Fv2%2Fmedia&parent=51628"}],"wp:term":[{"taxonomy":"category","embeddable":true,"href":"https:\/\/archive.sana.sy\/tr\/index.php?rest_route=%2Fwp%2Fv2%2Fcategories&post=51628"},{"taxonomy":"post_tag","embeddable":true,"href":"https:\/\/archive.sana.sy\/tr\/index.php?rest_route=%2Fwp%2Fv2%2Ftags&post=51628"}],"curies":[{"name":"wp","href":"https:\/\/api.w.org\/{rel}","templated":true}]}}