{"id":51635,"date":"2015-11-07T14:51:46","date_gmt":"2015-11-07T12:51:46","guid":{"rendered":"http:\/\/www.sana.sy\/tr\/?p=51635"},"modified":"2015-11-07T14:51:46","modified_gmt":"2015-11-07T12:51:46","slug":"suveydada-gasp-ve-dolandiricilik-sebekesi-cokertildi","status":"publish","type":"post","link":"https:\/\/archive.sana.sy\/tr\/?p=51635","title":{"rendered":"S\u00fcveyda\u2019da Gasp ve Doland\u0131r\u0131c\u0131l\u0131k \u015eebekesi \u00c7\u00f6kertildi"},"content":{"rendered":"<p>S\u00dcVEYDA \u2013 G\u00fcvenlik birimleri bug\u00fcn S\u00fcveyda\u2019da il geneli ve haricinde gasp, h\u0131rs\u0131zl\u0131k, doland\u0131r\u0131c\u0131l\u0131k ve araba h\u0131rs\u0131zl\u0131\u011f\u0131 yapan bir \u015febekenin \u00fcyelerini yakalad\u0131.<\/p>\n<p>S\u00fcveyda il Emniyet M\u00fcd\u00fcr\u00fc Muhammed Semra SANA\u2019ya a\u00e7\u0131klamas\u0131nda; polis devriyelerinin takip ve soru\u015fturma operasyonu sonucunda S\u00fcveyda ili ve \u015eam k\u0131rsal\u0131n\u0131n Ceramana Kasabas\u0131nda vatanda\u015flar\u0131 doland\u0131r\u0131p gasp ve h\u0131rs\u0131zl\u0131k su\u00e7lar\u0131nda bulunan bir \u015febekenin \u00fcyelerini tutuklad\u0131klar\u0131n\u0131 s\u00f6yledi. Semra bir erkek, e\u015fi ve daha ba\u015fka iki kad\u0131ndan olu\u015fan \u015febeke \u00fcyelerinin ilk soru\u015fturmalarda arabalar\u0131 olan vatanda\u015flar\u0131 doland\u0131r\u0131p paralar\u0131n\u0131 gasp ettiklerini itiraf ettiklerini aktard\u0131. \u015eebeke \u00fcyelerinin daha \u00f6nce sab\u0131kalar\u0131 bulunan \u015fah\u0131slarla da ortak eylemlerde bulunduklar\u0131n\u0131 ifade eden Semra; \u00e7ald\u0131klar\u0131 ara\u00e7lar\u0131 bu \u015fah\u0131slar\u0131n vas\u0131tas\u0131yla s\u0131n\u0131r b\u00f6lgelerden yurtd\u0131\u015f\u0131na satt\u0131klar\u0131n\u0131 da s\u00f6zlerine ekledi.<\/p>\n","protected":false},"excerpt":{"rendered":"<p>S\u00dcVEYDA \u2013 G\u00fcvenlik birimleri bug\u00fcn S\u00fcveyda\u2019da il geneli ve haricinde gasp, h\u0131rs\u0131zl\u0131k, doland\u0131r\u0131c\u0131l\u0131k ve araba h\u0131rs\u0131zl\u0131\u011f\u0131 yapan bir \u015febekenin \u00fcyelerini yakalad\u0131. S\u00fcveyda il Emniyet M\u00fcd\u00fcr\u00fc Muhammed Semra SANA\u2019ya a\u00e7\u0131klamas\u0131nda; polis devriyelerinin takip ve soru\u015fturma operasyonu sonucunda S\u00fcveyda ili ve \u015eam k\u0131rsal\u0131n\u0131n Ceramana Kasabas\u0131nda vatanda\u015flar\u0131 doland\u0131r\u0131p gasp ve h\u0131rs\u0131zl\u0131k su\u00e7lar\u0131nda bulunan bir \u015febekenin \u00fcyelerini tutuklad\u0131klar\u0131n\u0131 s\u00f6yledi. &hellip;<\/p>\n","protected":false},"author":1,"featured_media":10375,"comment_status":"closed","ping_status":"closed","sticky":false,"template":"","format":"standard","meta":{"footnotes":""},"categories":[485,486,479,478],"tags":[17616],"class_list":["post-51635","post","type-post","status-publish","format-standard","has-post-thumbnail","","category-is-ve-sermaye","category-haberler-is-ve-sermaye","category-haberler-yerel","category-yerel","tag-suveydada-gasp-ve-dolandiricilik-sebekesi-cokertildi"],"_links":{"self":[{"href":"https:\/\/archive.sana.sy\/tr\/index.php?rest_route=\/wp\/v2\/posts\/51635","targetHints":{"allow":["GET"]}}],"collection":[{"href":"https:\/\/archive.sana.sy\/tr\/index.php?rest_route=\/wp\/v2\/posts"}],"about":[{"href":"https:\/\/archive.sana.sy\/tr\/index.php?rest_route=\/wp\/v2\/types\/post"}],"author":[{"embeddable":true,"href":"https:\/\/archive.sana.sy\/tr\/index.php?rest_route=\/wp\/v2\/users\/1"}],"replies":[{"embeddable":true,"href":"https:\/\/archive.sana.sy\/tr\/index.php?rest_route=%2Fwp%2Fv2%2Fcomments&post=51635"}],"version-history":[{"count":0,"href":"https:\/\/archive.sana.sy\/tr\/index.php?rest_route=\/wp\/v2\/posts\/51635\/revisions"}],"wp:featuredmedia":[{"embeddable":true,"href":"https:\/\/archive.sana.sy\/tr\/index.php?rest_route=\/wp\/v2\/media\/10375"}],"wp:attachment":[{"href":"https:\/\/archive.sana.sy\/tr\/index.php?rest_route=%2Fwp%2Fv2%2Fmedia&parent=51635"}],"wp:term":[{"taxonomy":"category","embeddable":true,"href":"https:\/\/archive.sana.sy\/tr\/index.php?rest_route=%2Fwp%2Fv2%2Fcategories&post=51635"},{"taxonomy":"post_tag","embeddable":true,"href":"https:\/\/archive.sana.sy\/tr\/index.php?rest_route=%2Fwp%2Fv2%2Ftags&post=51635"}],"curies":[{"name":"wp","href":"https:\/\/api.w.org\/{rel}","templated":true}]}}