{"id":51656,"date":"2015-11-07T19:00:15","date_gmt":"2015-11-07T17:00:15","guid":{"rendered":"http:\/\/sana.sy\/tr\/?p=51656"},"modified":"2015-11-08T16:09:04","modified_gmt":"2015-11-08T14:09:04","slug":"teror-elebaslari-oldurulurken-ordu-kontrolundeki-alanlar-da-genisliyor","status":"publish","type":"post","link":"https:\/\/archive.sana.sy\/tr\/?p=51656","title":{"rendered":"Ter\u00f6r Eleba\u015flar\u0131 \u00d6ld\u00fcr\u00fcl\u00fcrken Ordu Kontrol\u00fcndeki Alanlar da Geni\u015fliyor"},"content":{"rendered":"<p>\u0130LLER \u2013 Suriye&#8217;nin her kar\u0131\u015f topra\u011f\u0131n\u0131 ter\u00f6rden temizleme, ulusal egemenlik ve halk\u0131n g\u00fcvenli\u011fini koruma kararl\u0131l\u0131\u011f\u0131nda olan ordu birliklerimiz bug\u00fcn aralar\u0131nda az\u0131l\u0131 ter\u00f6r komutanlar\u0131n\u0131n bulundu\u011fu onlarca ter\u00f6risti \u00f6ld\u00fcr\u00fcp kontrol\u00fc alt\u0131ndaki b\u00f6lgeleri geni\u015flettirdi.<\/p>\n<p><span style=\"color: #0000ff\">LAZK\u0130YE:<\/span><\/p>\n<p>Lazkiye k\u0131rsal\u0131nda halk savunma g\u00fc\u00e7lerinin i\u015fbirli\u011fi ile tekfirci ve hain ter\u00f6ristlere kar\u015f\u0131 operasyonlar\u0131n\u0131 ba\u015far\u0131yla s\u00fcrd\u00fcren ordu birliklerimiz; kuzeydo\u011fu y\u00f6n\u00fcnde \u011emam Beldesi civar\u0131ndaki tepelerde kontrol\u00fc alt\u0131ndaki b\u00f6lgeleri geni\u015fletmeye devam ediyor. Askeri kaynak operasyonlarda aralar\u0131nda yabanc\u0131lar\u0131n bulundu\u011fu y\u00fcksek say\u0131da ter\u00f6ristin ara\u00e7 ve a\u011f\u0131r silahlar\u0131yla etkisizle\u015ftirildiklerini belirtti.<\/p>\n<div id=\":4q.ma\" class=\"Mu SP\">\n<div id=\":4q.co\" class=\"tL8wMe xAWnQc\" dir=\"ltr\"><span dir=\"ltr\">Ordu birliklerimiz Lazkiye k\u0131rsal\u0131n\u0131n kuzeydo\u011fusunda ka\u00e7an ve saklanan ter\u00f6ristleri kovalama operasyonlar\u0131n\u0131 s\u00fcrd\u00fcr\u00fcrlerken top\u00e7u birliklerimizArakiyb, Akobir ve Dirma\u015fliye b\u00f6lgelerine ilaveten Gadr ve Ketf el Ganme tepelerinde yuva ve toplanma yerlerini yo\u011fun ate\u015fe tuttu.<\/span><\/div>\n<div class=\"tL8wMe xAWnQc\" dir=\"ltr\"><\/div>\n<div class=\"tL8wMe xAWnQc\" dir=\"ltr\">https:\/\/www.youtube.com\/watch?v=6-tDWTE2egs<\/div>\n<div class=\"tL8wMe xAWnQc\" dir=\"ltr\"><\/div>\n<\/div>\n<div id=\":4r.ma\" class=\"Mu SP\">\n<div id=\":4r.at\" class=\"xH\"><span style=\"color: #0000ff\">\u00a0HALEP:<\/span><\/div>\n<\/div>\n<p>Halep\u2019te ise askeri kaynak SANA\u2019ya a\u00e7\u0131klamas\u0131nda hava g\u00fc\u00e7lerimizin il k\u0131rsal\u0131n\u0131n do\u011fusu \u015eeyh Ahmet, Um Arkiyle, Tel Ahmar ve Resm el Abd b\u00f6lgelerinde I\u015e\u0130D mevkileri ve ara\u00e7lar\u0131n\u0131 imha ederek \u00e7ok say\u0131da tekfirciyi ter\u00f6r edatlar\u0131yla birlikte etkisizle\u015ftirdiklerini aktard\u0131.<\/p>\n<p><span style=\"color: #0000ff\">DERA:<\/span><\/p>\n<p>Dera\u2019da \u0130srail ve \u00dcrd\u00fcn ile lojistik ve istihbarat ba\u011flant\u0131lar\u0131 bulunan tekfirci ter\u00f6r \u00f6rg\u00fctlere kar\u015f\u0131 operasyonlar\u0131n\u0131 s\u00fcrd\u00fcren ordu birliklerimiz bug\u00fcn de bu \u00e7eteleri say\u0131 ve ter\u00f6r te\u00e7hizatlar\u0131yla b\u00fcy\u00fck kay\u0131plara u\u011fratt\u0131.<\/p>\n<p>SANA\u2019ya a\u00e7\u0131klama yapan askeri bir kaynak ordu birliklerimizin Dera Beled B\u00f6lgesindeki sebze halinin g\u00fcneydo\u011fusunda ger\u00e7ekle\u015ftirdikleri nitelikli bir operasyonla Nusra Cephesine tabi \u2018Kerame T\u00fcmeni\u2019 ad\u0131yla bilinen ter\u00f6r \u00e7etelerin tehlikeli komutanlar\u0131ndan Z\u00fcheyr H\u00fcseyin el Zoubi\u2019nin aralar\u0131nda bulundu\u011fu \u00e7ok say\u0131da ter\u00f6risti \u00f6ld\u00fcrd\u00fcklerini belirtti.<\/p>\n<p>Kaynak il k\u0131rsal\u0131n\u0131n kuzeyi Etman Beldesinde ise4 ordu birliklerimizin bir ter\u00f6r grubunun t\u00fcm \u00fcyelerini \u00f6l\u00fc yaral\u0131 d\u00fc\u015f\u00fcrerek ara\u00e7 ve cephanelerini de tahrip ettiklerini ifade etti.<\/p>\n<p><span style=\"color: #0000ff\">HOMS:<\/span><\/p>\n<p>SANA\u2019ya a\u00e7\u0131klama yapan askeri bir kaynak hava g\u00fc\u00e7lerimizin Homs k\u0131rsal\u0131n\u0131n do\u011fusu Do\u011fu Savvana, Cub el Cerrah\u2019\u0131n do\u011fusu, Havvarin ve Mhin Beldesi civar\u0131nda I\u015e\u0130D tekfircilerinin toplanma yerleri ve siperlerini imha ederek aralar\u0131nda yabanc\u0131lar\u0131n bulundu\u011fu onlarca ter\u00f6risti \u00f6ld\u00fcrd\u00fcklerini belirtti.<\/p>\n<div class=\"PD IF\">\n<div id=\":88.co\" class=\"JL\">\n<div id=\":8d.ma\" class=\"Mu SP\">\n<div id=\":8d.co\" class=\"tL8wMe xAWnQc\" dir=\"ltr\"><span dir=\"ltr\">Ak\u015fam saatlerinde a\u00e7\u0131klama yapan bir kaynak; ordu birliklerimizin Homs k\u0131rsal\u0131n\u0131n do\u011fusu Tedmur el Beyyarat y\u00f6n\u00fcndeki Heyyal Da\u011f\u0131n\u0131n do\u011fu ormanl\u0131klar\u0131nda aralar\u0131nda yapanc\u0131 uyruklular\u0131n\u0131n bulundu\u011fu 40\u2019tan fazla ter\u00f6risti \u00f6ld\u00fcrd\u00fcklerini aktard\u0131.<\/span>\u200f<\/div>\n<\/div>\n<\/div>\n<\/div>\n<p>&nbsp;<\/p>\n<p><span style=\"color: #0000ff\">\u0130DL\u0130B:<\/span><\/p>\n<p>Askeri kaynak; \u0130dlib k\u0131rsal\u0131nda ise ihvanc\u0131 Erdo\u011fan ve Vahhabi \u00c2l Suud rejimlerine ba\u011fl\u0131 \u2018Fetih Ordusu\u2019na kar\u015f\u0131 hava operasyonlar\u0131n\u0131 s\u00fcrd\u00fcren hava g\u00fc\u00e7lerimizin il k\u0131rsal\u0131n\u0131n g\u00fcneyi Han \u015eeyhun Kenti ve Temania Beldesinde ter\u00f6ristlerin yuva ve hareketlenmelerini yo\u011fun ate\u015fe tutuklar\u0131n\u0131 s\u00f6yledi. Kaynak; operasyonlarda radikal ter\u00f6r \u00e7etelere ait yuva ve ara\u00e7lar\u0131n imha edilip \u00e7ok say\u0131da ter\u00f6ristin \u00f6l\u00fc ve yaral\u0131 d\u00fc\u015f\u00fcr\u00fcld\u00fc\u011f\u00fcn\u00fc s\u00f6zlerine ekledi.<\/p>\n<p><span style=\"color: #0000ff\">HAMA:<\/span><\/p>\n<p>\u00d6te yandan hava g\u00fc\u00e7lerimiz Hama k\u0131rsal\u0131n\u0131n kuzeyinde \u0130dlib il s\u0131n\u0131rlar\u0131 yak\u0131nlar\u0131na d\u00fc\u015fen Kassabiye ve Skik beldelerinde Nusra Cephesinin siper ve ara\u00e7lar\u0131n\u0131 hedef almalar\u0131yla bir\u00e7ok ter\u00f6risti \u00f6ld\u00fcr\u00fcp havzalar\u0131ndaki silah ve m\u00fchimmatlar\u0131n\u0131 da imha etti.<\/p>\n<p>M.M.<\/p>\n","protected":false},"excerpt":{"rendered":"<p>\u0130LLER \u2013 Suriye&#8217;nin her kar\u0131\u015f topra\u011f\u0131n\u0131 ter\u00f6rden temizleme, ulusal egemenlik ve halk\u0131n g\u00fcvenli\u011fini koruma kararl\u0131l\u0131\u011f\u0131nda olan ordu birliklerimiz bug\u00fcn aralar\u0131nda az\u0131l\u0131 ter\u00f6r komutanlar\u0131n\u0131n bulundu\u011fu onlarca ter\u00f6risti \u00f6ld\u00fcr\u00fcp kontrol\u00fc alt\u0131ndaki b\u00f6lgeleri geni\u015flettirdi. LAZK\u0130YE: Lazkiye k\u0131rsal\u0131nda halk savunma g\u00fc\u00e7lerinin i\u015fbirli\u011fi ile tekfirci ve hain ter\u00f6ristlere kar\u015f\u0131 operasyonlar\u0131n\u0131 ba\u015far\u0131yla s\u00fcrd\u00fcren ordu birliklerimiz; kuzeydo\u011fu y\u00f6n\u00fcnde \u011emam Beldesi civar\u0131ndaki tepelerde &hellip;<\/p>\n","protected":false},"author":1,"featured_media":51658,"comment_status":"closed","ping_status":"closed","sticky":false,"template":"","format":"standard","meta":{"footnotes":""},"categories":[575],"tags":[17621],"class_list":["post-51656","post","type-post","status-publish","format-standard","has-post-thumbnail","","category-olaylar-ve-gercekler","tag-teror-elebaslari-oldurulurken-ordu-kontrolundeki-alanlar-da-genisliyor"],"_links":{"self":[{"href":"https:\/\/archive.sana.sy\/tr\/index.php?rest_route=\/wp\/v2\/posts\/51656","targetHints":{"allow":["GET"]}}],"collection":[{"href":"https:\/\/archive.sana.sy\/tr\/index.php?rest_route=\/wp\/v2\/posts"}],"about":[{"href":"https:\/\/archive.sana.sy\/tr\/index.php?rest_route=\/wp\/v2\/types\/post"}],"author":[{"embeddable":true,"href":"https:\/\/archive.sana.sy\/tr\/index.php?rest_route=\/wp\/v2\/users\/1"}],"replies":[{"embeddable":true,"href":"https:\/\/archive.sana.sy\/tr\/index.php?rest_route=%2Fwp%2Fv2%2Fcomments&post=51656"}],"version-history":[{"count":0,"href":"https:\/\/archive.sana.sy\/tr\/index.php?rest_route=\/wp\/v2\/posts\/51656\/revisions"}],"wp:featuredmedia":[{"embeddable":true,"href":"https:\/\/archive.sana.sy\/tr\/index.php?rest_route=\/wp\/v2\/media\/51658"}],"wp:attachment":[{"href":"https:\/\/archive.sana.sy\/tr\/index.php?rest_route=%2Fwp%2Fv2%2Fmedia&parent=51656"}],"wp:term":[{"taxonomy":"category","embeddable":true,"href":"https:\/\/archive.sana.sy\/tr\/index.php?rest_route=%2Fwp%2Fv2%2Fcategories&post=51656"},{"taxonomy":"post_tag","embeddable":true,"href":"https:\/\/archive.sana.sy\/tr\/index.php?rest_route=%2Fwp%2Fv2%2Ftags&post=51656"}],"curies":[{"name":"wp","href":"https:\/\/api.w.org\/{rel}","templated":true}]}}