{"id":51671,"date":"2015-11-07T18:37:52","date_gmt":"2015-11-07T16:37:52","guid":{"rendered":"http:\/\/sana.sy\/tr\/?p=51671"},"modified":"2015-11-07T18:37:52","modified_gmt":"2015-11-07T16:37:52","slug":"ordu-birliklerimiz-lazkiye-kirsalinin-kuzeydogusunda-kacan-ve-saklanan-teroristleri-kovalama-operasyonlarini-surdururlerken-topcu-birliklerimizarakiyb-akobir-ve-dirmasliye-bolgelerine-ilaveten-gadr-v","status":"publish","type":"post","link":"https:\/\/archive.sana.sy\/tr\/?p=51671","title":{"rendered":"Ordu birliklerimiz Lazkiye k\u0131rsal\u0131n\u0131n kuzeydo\u011fusunda ka\u00e7an ve saklanan ter\u00f6ristleri kovalama operasyonlar\u0131n\u0131 s\u00fcrd\u00fcr\u00fcrlerken top\u00e7u birliklerimizArakiyb, Akobir ve Dirma\u015fliye b\u00f6lgelerine ilaveten Gadr ve Ketf el Ganme tepelerinde yuva ve toplanma yerlerini yo\u011fun ate\u015fe tuttu"},"content":{"rendered":"<div id=\":4q.ma\" class=\"Mu SP\">\n<div id=\":4q.co\" class=\"tL8wMe xAWnQc\" dir=\"ltr\"><span dir=\"ltr\">Ordu birliklerimiz Lazkiye k\u0131rsal\u0131n\u0131n kuzeydo\u011fusunda ka\u00e7an ve saklanan ter\u00f6ristleri kovalama operasyonlar\u0131n\u0131 s\u00fcrd\u00fcr\u00fcrlerken top\u00e7u birliklerimizArakiyb, Akobir ve Dirma\u015fliye b\u00f6lgelerine ilaveten Gadr ve Ketf el Ganme tepelerinde yuva ve toplanma yerlerini yo\u011fun ate\u015fe tuttu.<\/span>\u200f<\/div>\n<\/div>\n","protected":false},"excerpt":{"rendered":"<p>Ordu birliklerimiz Lazkiye k\u0131rsal\u0131n\u0131n kuzeydo\u011fusunda ka\u00e7an ve saklanan ter\u00f6ristleri kovalama operasyonlar\u0131n\u0131 s\u00fcrd\u00fcr\u00fcrlerken top\u00e7u birliklerimizArakiyb, Akobir ve Dirma\u015fliye b\u00f6lgelerine ilaveten Gadr ve Ketf el Ganme tepelerinde yuva ve toplanma yerlerini yo\u011fun ate\u015fe tuttu.\u200f<\/p>\n","protected":false},"author":1,"featured_media":0,"comment_status":"closed","ping_status":"closed","sticky":false,"template":"","format":"standard","meta":{"footnotes":""},"categories":[1],"tags":[],"class_list":["post-51671","post","type-post","status-publish","format-standard","","category-news-not-sorted"],"_links":{"self":[{"href":"https:\/\/archive.sana.sy\/tr\/index.php?rest_route=\/wp\/v2\/posts\/51671","targetHints":{"allow":["GET"]}}],"collection":[{"href":"https:\/\/archive.sana.sy\/tr\/index.php?rest_route=\/wp\/v2\/posts"}],"about":[{"href":"https:\/\/archive.sana.sy\/tr\/index.php?rest_route=\/wp\/v2\/types\/post"}],"author":[{"embeddable":true,"href":"https:\/\/archive.sana.sy\/tr\/index.php?rest_route=\/wp\/v2\/users\/1"}],"replies":[{"embeddable":true,"href":"https:\/\/archive.sana.sy\/tr\/index.php?rest_route=%2Fwp%2Fv2%2Fcomments&post=51671"}],"version-history":[{"count":0,"href":"https:\/\/archive.sana.sy\/tr\/index.php?rest_route=\/wp\/v2\/posts\/51671\/revisions"}],"wp:attachment":[{"href":"https:\/\/archive.sana.sy\/tr\/index.php?rest_route=%2Fwp%2Fv2%2Fmedia&parent=51671"}],"wp:term":[{"taxonomy":"category","embeddable":true,"href":"https:\/\/archive.sana.sy\/tr\/index.php?rest_route=%2Fwp%2Fv2%2Fcategories&post=51671"},{"taxonomy":"post_tag","embeddable":true,"href":"https:\/\/archive.sana.sy\/tr\/index.php?rest_route=%2Fwp%2Fv2%2Ftags&post=51671"}],"curies":[{"name":"wp","href":"https:\/\/api.w.org\/{rel}","templated":true}]}}