{"id":51676,"date":"2015-11-07T18:57:18","date_gmt":"2015-11-07T16:57:18","guid":{"rendered":"http:\/\/sana.sy\/tr\/?p=51676"},"modified":"2015-11-07T18:57:18","modified_gmt":"2015-11-07T16:57:18","slug":"askeri-kaynak-ordu-birliklerimizin-homs-kirsalinin-dogusu-tedmur-el-beyyarat-yonundeki-heyyal-daginin-dogu-ormanliklarinda-aralarinda-yapanci-uyruklularinin-bulundugu-40tan-fazla-teroristi-o","status":"publish","type":"post","link":"https:\/\/archive.sana.sy\/tr\/?p=51676","title":{"rendered":"Askeri kaynak; ordu birliklerimizin Homs k\u0131rsal\u0131n\u0131n do\u011fusu Tedmur el Beyyarat y\u00f6n\u00fcndeki Heyyal Da\u011f\u0131n\u0131n do\u011fu ormanl\u0131klar\u0131nda aralar\u0131nda yapanc\u0131 uyruklular\u0131n\u0131n bulundu\u011fu 40\u2019tan fazla ter\u00f6risti \u00f6ld\u00fcrd\u00fcklerini aktard\u0131."},"content":{"rendered":"<div class=\"PD IF\">\n<div id=\":88.co\" class=\"JL\">\n<div id=\":8d.ma\" class=\"Mu SP\">\n<div id=\":8d.co\" class=\"tL8wMe xAWnQc\" dir=\"ltr\"><span dir=\"ltr\">Askeri kaynak; ordu birliklerimizin Homs k\u0131rsal\u0131n\u0131n do\u011fusu Tedmur el Beyyarat y\u00f6n\u00fcndeki Heyyal Da\u011f\u0131n\u0131n do\u011fu ormanl\u0131klar\u0131nda aralar\u0131nda yapanc\u0131 uyruklular\u0131n\u0131n bulundu\u011fu 40\u2019tan fazla ter\u00f6risti \u00f6ld\u00fcrd\u00fcklerini aktard\u0131.<\/span><\/div>\n<\/div>\n<\/div>\n<\/div>\n<p>&nbsp;<\/p>\n","protected":false},"excerpt":{"rendered":"<p>Askeri kaynak; ordu birliklerimizin Homs k\u0131rsal\u0131n\u0131n do\u011fusu Tedmur el Beyyarat y\u00f6n\u00fcndeki Heyyal Da\u011f\u0131n\u0131n do\u011fu ormanl\u0131klar\u0131nda aralar\u0131nda yapanc\u0131 uyruklular\u0131n\u0131n bulundu\u011fu 40\u2019tan fazla ter\u00f6risti \u00f6ld\u00fcrd\u00fcklerini aktard\u0131. &nbsp;<\/p>\n","protected":false},"author":1,"featured_media":0,"comment_status":"closed","ping_status":"closed","sticky":false,"template":"","format":"standard","meta":{"footnotes":""},"categories":[1],"tags":[],"class_list":["post-51676","post","type-post","status-publish","format-standard","","category-news-not-sorted"],"_links":{"self":[{"href":"https:\/\/archive.sana.sy\/tr\/index.php?rest_route=\/wp\/v2\/posts\/51676","targetHints":{"allow":["GET"]}}],"collection":[{"href":"https:\/\/archive.sana.sy\/tr\/index.php?rest_route=\/wp\/v2\/posts"}],"about":[{"href":"https:\/\/archive.sana.sy\/tr\/index.php?rest_route=\/wp\/v2\/types\/post"}],"author":[{"embeddable":true,"href":"https:\/\/archive.sana.sy\/tr\/index.php?rest_route=\/wp\/v2\/users\/1"}],"replies":[{"embeddable":true,"href":"https:\/\/archive.sana.sy\/tr\/index.php?rest_route=%2Fwp%2Fv2%2Fcomments&post=51676"}],"version-history":[{"count":0,"href":"https:\/\/archive.sana.sy\/tr\/index.php?rest_route=\/wp\/v2\/posts\/51676\/revisions"}],"wp:attachment":[{"href":"https:\/\/archive.sana.sy\/tr\/index.php?rest_route=%2Fwp%2Fv2%2Fmedia&parent=51676"}],"wp:term":[{"taxonomy":"category","embeddable":true,"href":"https:\/\/archive.sana.sy\/tr\/index.php?rest_route=%2Fwp%2Fv2%2Fcategories&post=51676"},{"taxonomy":"post_tag","embeddable":true,"href":"https:\/\/archive.sana.sy\/tr\/index.php?rest_route=%2Fwp%2Fv2%2Ftags&post=51676"}],"curies":[{"name":"wp","href":"https:\/\/api.w.org\/{rel}","templated":true}]}}