{"id":51851,"date":"2015-11-09T15:58:41","date_gmt":"2015-11-09T13:58:41","guid":{"rendered":"http:\/\/www.sana.sy\/tr\/?p=51851"},"modified":"2015-11-10T12:57:13","modified_gmt":"2015-11-10T10:57:13","slug":"cabalar-ordunun-hazir-duzeyini-arttirdi","status":"publish","type":"post","link":"https:\/\/archive.sana.sy\/tr\/?p=51851","title":{"rendered":"\u00c7abalar Ordunun Haz\u0131r D\u00fczeyini Artt\u0131rd\u0131"},"content":{"rendered":"<p>MOSKOVA \u2013 Rusya Ba\u015fkan\u0131 Vladimir Putin Rus hava g\u00fc\u00e7lerinin Suriye&#8217;de ter\u00f6re kar\u015f\u0131 ger\u00e7ekle\u015ftirdikleri operasyonlar\u0131n, Rusya&#8217;n\u0131n Rus ordusunun haz\u0131r d\u00fczeyini y\u00fckseltme \u00e7abalar\u0131n\u0131n ba\u015far\u0131s\u0131n\u0131 yans\u0131tt\u0131\u011f\u0131n\u0131 ifade etti.<\/p>\n<p>Rusya&#8217;da askeri sanayinin geli\u015ftirilmesi amac\u0131yla d\u00fczenlenen \u00f6zel toplant\u0131da Putin; askeri sanayi istikrar\u0131n\u0131n \u00fclke ekonomisi a\u00e7\u0131s\u0131ndan \u00f6nemine dikkat \u00e7ekti. Bu sanayide y\u00fcz binlerce Rus vatanda\u015f\u0131n\u0131n \u00e7al\u0131\u015ft\u0131\u011f\u0131na i\u015faret eden Putin; \u00f6zellikle ekonomik durgunlukta bu sanayinin korunmas\u0131n\u0131n daha b\u00fcy\u00fck \u00f6nem ta\u015f\u0131d\u0131\u011f\u0131n\u0131 s\u00f6yledi.<\/p>\n","protected":false},"excerpt":{"rendered":"<p>MOSKOVA \u2013 Rusya Ba\u015fkan\u0131 Vladimir Putin Rus hava g\u00fc\u00e7lerinin Suriye&#8217;de ter\u00f6re kar\u015f\u0131 ger\u00e7ekle\u015ftirdikleri operasyonlar\u0131n, Rusya&#8217;n\u0131n Rus ordusunun haz\u0131r d\u00fczeyini y\u00fckseltme \u00e7abalar\u0131n\u0131n ba\u015far\u0131s\u0131n\u0131 yans\u0131tt\u0131\u011f\u0131n\u0131 ifade etti. Rusya&#8217;da askeri sanayinin geli\u015ftirilmesi amac\u0131yla d\u00fczenlenen \u00f6zel toplant\u0131da Putin; askeri sanayi istikrar\u0131n\u0131n \u00fclke ekonomisi a\u00e7\u0131s\u0131ndan \u00f6nemine dikkat \u00e7ekti. Bu sanayide y\u00fcz binlerce Rus vatanda\u015f\u0131n\u0131n \u00e7al\u0131\u015ft\u0131\u011f\u0131na i\u015faret eden Putin; \u00f6zellikle ekonomik &hellip;<\/p>\n","protected":false},"author":1,"featured_media":51856,"comment_status":"closed","ping_status":"closed","sticky":false,"template":"","format":"standard","meta":{"footnotes":""},"categories":[458,459,447],"tags":[16904],"class_list":["post-51851","post","type-post","status-publish","format-standard","has-post-thumbnail","","category-dunya1","category-haberler-arap-uluslararasi-politika","category-politika","tag-rusya-baskani-vladimir-putin"],"_links":{"self":[{"href":"https:\/\/archive.sana.sy\/tr\/index.php?rest_route=\/wp\/v2\/posts\/51851","targetHints":{"allow":["GET"]}}],"collection":[{"href":"https:\/\/archive.sana.sy\/tr\/index.php?rest_route=\/wp\/v2\/posts"}],"about":[{"href":"https:\/\/archive.sana.sy\/tr\/index.php?rest_route=\/wp\/v2\/types\/post"}],"author":[{"embeddable":true,"href":"https:\/\/archive.sana.sy\/tr\/index.php?rest_route=\/wp\/v2\/users\/1"}],"replies":[{"embeddable":true,"href":"https:\/\/archive.sana.sy\/tr\/index.php?rest_route=%2Fwp%2Fv2%2Fcomments&post=51851"}],"version-history":[{"count":0,"href":"https:\/\/archive.sana.sy\/tr\/index.php?rest_route=\/wp\/v2\/posts\/51851\/revisions"}],"wp:featuredmedia":[{"embeddable":true,"href":"https:\/\/archive.sana.sy\/tr\/index.php?rest_route=\/wp\/v2\/media\/51856"}],"wp:attachment":[{"href":"https:\/\/archive.sana.sy\/tr\/index.php?rest_route=%2Fwp%2Fv2%2Fmedia&parent=51851"}],"wp:term":[{"taxonomy":"category","embeddable":true,"href":"https:\/\/archive.sana.sy\/tr\/index.php?rest_route=%2Fwp%2Fv2%2Fcategories&post=51851"},{"taxonomy":"post_tag","embeddable":true,"href":"https:\/\/archive.sana.sy\/tr\/index.php?rest_route=%2Fwp%2Fv2%2Ftags&post=51851"}],"curies":[{"name":"wp","href":"https:\/\/api.w.org\/{rel}","templated":true}]}}