{"id":51858,"date":"2015-11-09T16:15:53","date_gmt":"2015-11-09T14:15:53","guid":{"rendered":"http:\/\/www.sana.sy\/tr\/?p=51858"},"modified":"2015-11-09T16:15:53","modified_gmt":"2015-11-09T14:15:53","slug":"halep-kirsalinda-turkiyedeki-rejimin-destekledigi-tekfirci-cetelere-karsi-operasyonlarini-surduren-ordu-birliklerimizden-bir-kaynak-sanaya-aciklamasinda-vatan-koruyucularimizin-il-kirsalin","status":"publish","type":"post","link":"https:\/\/archive.sana.sy\/tr\/?p=51858","title":{"rendered":"Halep k\u0131rsal\u0131nda T\u00fcrkiye&#8217;deki rejimin destekledi\u011fi tekfirci \u00e7etelere kar\u015f\u0131 operasyonlar\u0131n\u0131 s\u00fcrd\u00fcren ordu birliklerimizden bir kaynak SANA\u2019ya a\u00e7\u0131klamas\u0131nda; vatan koruyucular\u0131m\u0131z\u0131n il k\u0131rsal\u0131n\u0131n do\u011fusunda \u015eeyh Ahmet K\u00f6y\u00fcn\u00fc Nusra Cephesi tekfircilerinden temizleyip kontrollerine ald\u0131klar\u0131n\u0131 belirtti."},"content":{"rendered":"<p>Halep k\u0131rsal\u0131nda T\u00fcrkiye&#8217;deki rejimin destekledi\u011fi tekfirci \u00e7etelere kar\u015f\u0131 operasyonlar\u0131n\u0131 s\u00fcrd\u00fcren ordu birliklerimizden bir kaynak SANA\u2019ya a\u00e7\u0131klamas\u0131nda; vatan koruyucular\u0131m\u0131z\u0131n il k\u0131rsal\u0131n\u0131n do\u011fusunda \u015eeyh Ahmet K\u00f6y\u00fcn\u00fc Nusra Cephesi tekfircilerinden temizleyip kontrollerine ald\u0131klar\u0131n\u0131 belirtti.<\/p>\n","protected":false},"excerpt":{"rendered":"<p>Halep k\u0131rsal\u0131nda T\u00fcrkiye&#8217;deki rejimin destekledi\u011fi tekfirci \u00e7etelere kar\u015f\u0131 operasyonlar\u0131n\u0131 s\u00fcrd\u00fcren ordu birliklerimizden bir kaynak SANA\u2019ya a\u00e7\u0131klamas\u0131nda; vatan koruyucular\u0131m\u0131z\u0131n il k\u0131rsal\u0131n\u0131n do\u011fusunda \u015eeyh Ahmet K\u00f6y\u00fcn\u00fc Nusra Cephesi tekfircilerinden temizleyip kontrollerine ald\u0131klar\u0131n\u0131 belirtti.<\/p>\n","protected":false},"author":1,"featured_media":0,"comment_status":"closed","ping_status":"closed","sticky":false,"template":"","format":"standard","meta":{"footnotes":""},"categories":[1],"tags":[],"class_list":["post-51858","post","type-post","status-publish","format-standard","","category-news-not-sorted"],"_links":{"self":[{"href":"https:\/\/archive.sana.sy\/tr\/index.php?rest_route=\/wp\/v2\/posts\/51858","targetHints":{"allow":["GET"]}}],"collection":[{"href":"https:\/\/archive.sana.sy\/tr\/index.php?rest_route=\/wp\/v2\/posts"}],"about":[{"href":"https:\/\/archive.sana.sy\/tr\/index.php?rest_route=\/wp\/v2\/types\/post"}],"author":[{"embeddable":true,"href":"https:\/\/archive.sana.sy\/tr\/index.php?rest_route=\/wp\/v2\/users\/1"}],"replies":[{"embeddable":true,"href":"https:\/\/archive.sana.sy\/tr\/index.php?rest_route=%2Fwp%2Fv2%2Fcomments&post=51858"}],"version-history":[{"count":0,"href":"https:\/\/archive.sana.sy\/tr\/index.php?rest_route=\/wp\/v2\/posts\/51858\/revisions"}],"wp:attachment":[{"href":"https:\/\/archive.sana.sy\/tr\/index.php?rest_route=%2Fwp%2Fv2%2Fmedia&parent=51858"}],"wp:term":[{"taxonomy":"category","embeddable":true,"href":"https:\/\/archive.sana.sy\/tr\/index.php?rest_route=%2Fwp%2Fv2%2Fcategories&post=51858"},{"taxonomy":"post_tag","embeddable":true,"href":"https:\/\/archive.sana.sy\/tr\/index.php?rest_route=%2Fwp%2Fv2%2Ftags&post=51858"}],"curies":[{"name":"wp","href":"https:\/\/api.w.org\/{rel}","templated":true}]}}