{"id":51919,"date":"2015-11-10T16:42:40","date_gmt":"2015-11-10T14:42:40","guid":{"rendered":"http:\/\/www.sana.sy\/tr\/?p=51919"},"modified":"2015-11-10T16:42:40","modified_gmt":"2015-11-10T14:42:40","slug":"ab-komisyonundan-turkiyedeki-rejime-sert-elestiri","status":"publish","type":"post","link":"https:\/\/archive.sana.sy\/tr\/?p=51919","title":{"rendered":"AB Komisyonundan T\u00fcrkiye&#8217;deki Rejime Sert Ele\u015ftiri"},"content":{"rendered":"<p>BR\u00dcKSEL \u2013 Avrupa Birli\u011fi taraf\u0131ndan her y\u0131l haz\u0131rlanan raporda T\u00fcrkiye&#8217;de AKP iktidar\u0131n\u0131n dayatmac\u0131 ve despot icraatlar\u0131 nedeniyle insan haklar\u0131 ve ifade \u00f6zg\u00fcrl\u00fc\u011f\u00fcn\u00fcn endi\u015fe verici \u015fekilde geriledi\u011fine dikkat \u00e7ekilerek rejim sert ifadelerle ele\u015ftirildi.<\/p>\n<p>AFP\u2019nin aktard\u0131\u011f\u0131 haberde AB Komisyonu&#8217;nca haz\u0131rlanan \u0130lerleme Raporu&#8217;nda AKP h\u00fck\u00fcmetinin \u00fclkedeki reform s\u00fcrecini yava\u015flatt\u0131\u011f\u0131 belirtilirken; ba\u015fta toplant\u0131 ve ifade \u00f6zg\u00fcrl\u00fc\u011f\u00fc olmak \u00fczere demokratik temel haklar\u0131n hayata ge\u00e7irilmesinde ciddi gerilemenin kaydedildi\u011fi vurguland\u0131.<\/p>\n<p>T\u00fcrkiye&#8217;de gazeteci, yazar ve sosyal medya kullan\u0131c\u0131lar\u0131 hakk\u0131nda ba\u015flat\u0131lan polis soru\u015fturmalar\u0131n\u0131n &#8220;kayg\u0131 verici&#8221; oldu\u011fu vurgulanan raporda g\u00f6steri ve y\u00fcr\u00fcy\u00fc\u015f hakk\u0131na kar\u015f\u0131 ho\u015fg\u00f6r\u00fcs\u00fcz tavr\u0131n artt\u0131\u011f\u0131, bu alandaki yasal d\u00fczenlemelerin &#8220;k\u0131s\u0131tlay\u0131c\u0131 bir yorumla uyguland\u0131\u011f\u0131&#8221; belirtildi.<\/p>\n<p>Raporu &#8220;ba\u011f\u0131ms\u0131z adalet sisteminin yap\u0131land\u0131r\u0131lmas\u0131 yerinde say\u0131yor&#8221; ifadesi kullan\u0131l\u0131rken, bu alanda 2014&#8217;ten bu yana mesafe kaydedilmedi\u011fi vurguland\u0131. Raporda T\u00fcrkiye&#8217;deki rejim yolsuzlukla m\u00fccadele de &#8220;yetersiz&#8221; olarak nitelendirildi.<\/p>\n","protected":false},"excerpt":{"rendered":"<p>BR\u00dcKSEL \u2013 Avrupa Birli\u011fi taraf\u0131ndan her y\u0131l haz\u0131rlanan raporda T\u00fcrkiye&#8217;de AKP iktidar\u0131n\u0131n dayatmac\u0131 ve despot icraatlar\u0131 nedeniyle insan haklar\u0131 ve ifade \u00f6zg\u00fcrl\u00fc\u011f\u00fcn\u00fcn endi\u015fe verici \u015fekilde geriledi\u011fine dikkat \u00e7ekilerek rejim sert ifadelerle ele\u015ftirildi. AFP\u2019nin aktard\u0131\u011f\u0131 haberde AB Komisyonu&#8217;nca haz\u0131rlanan \u0130lerleme Raporu&#8217;nda AKP h\u00fck\u00fcmetinin \u00fclkedeki reform s\u00fcrecini yava\u015flatt\u0131\u011f\u0131 belirtilirken; ba\u015fta toplant\u0131 ve ifade \u00f6zg\u00fcrl\u00fc\u011f\u00fc olmak \u00fczere demokratik &hellip;<\/p>\n","protected":false},"author":1,"featured_media":51920,"comment_status":"closed","ping_status":"closed","sticky":false,"template":"","format":"standard","meta":{"footnotes":""},"categories":[458,459,447,2554,2555],"tags":[17661],"class_list":["post-51919","post","type-post","status-publish","format-standard","has-post-thumbnail","","category-dunya1","category-haberler-arap-uluslararasi-politika","category-politika","category-suriye-ve-dunya","category-suriye-ve-turkiye","tag-ab-komisyonundan-turkiyedeki-rejime-sert-elestiri"],"_links":{"self":[{"href":"https:\/\/archive.sana.sy\/tr\/index.php?rest_route=\/wp\/v2\/posts\/51919","targetHints":{"allow":["GET"]}}],"collection":[{"href":"https:\/\/archive.sana.sy\/tr\/index.php?rest_route=\/wp\/v2\/posts"}],"about":[{"href":"https:\/\/archive.sana.sy\/tr\/index.php?rest_route=\/wp\/v2\/types\/post"}],"author":[{"embeddable":true,"href":"https:\/\/archive.sana.sy\/tr\/index.php?rest_route=\/wp\/v2\/users\/1"}],"replies":[{"embeddable":true,"href":"https:\/\/archive.sana.sy\/tr\/index.php?rest_route=%2Fwp%2Fv2%2Fcomments&post=51919"}],"version-history":[{"count":0,"href":"https:\/\/archive.sana.sy\/tr\/index.php?rest_route=\/wp\/v2\/posts\/51919\/revisions"}],"wp:featuredmedia":[{"embeddable":true,"href":"https:\/\/archive.sana.sy\/tr\/index.php?rest_route=\/wp\/v2\/media\/51920"}],"wp:attachment":[{"href":"https:\/\/archive.sana.sy\/tr\/index.php?rest_route=%2Fwp%2Fv2%2Fmedia&parent=51919"}],"wp:term":[{"taxonomy":"category","embeddable":true,"href":"https:\/\/archive.sana.sy\/tr\/index.php?rest_route=%2Fwp%2Fv2%2Fcategories&post=51919"},{"taxonomy":"post_tag","embeddable":true,"href":"https:\/\/archive.sana.sy\/tr\/index.php?rest_route=%2Fwp%2Fv2%2Ftags&post=51919"}],"curies":[{"name":"wp","href":"https:\/\/api.w.org\/{rel}","templated":true}]}}