{"id":51949,"date":"2015-11-11T18:00:29","date_gmt":"2015-11-11T16:00:29","guid":{"rendered":"http:\/\/www.sana.sy\/tr\/?p=51949"},"modified":"2015-11-12T11:22:38","modified_gmt":"2015-11-12T09:22:38","slug":"el-esad-komutanlarla-telefonda-gorustu","status":"publish","type":"post","link":"https:\/\/archive.sana.sy\/tr\/?p=51949","title":{"rendered":"El Esad Komutanlarla Telefonda G\u00f6r\u00fc\u015ft\u00fc"},"content":{"rendered":"<p>\u015eAM \u2013 Ordu birliklerimizin Halep k\u0131rsal\u0131n\u0131n do\u011fusu Kveyris Havaliman\u0131na 3 y\u0131ldan fazla s\u00fcredir uygulanan ter\u00f6r \u00e7emberinin yok edilmesi ard\u0131ndan havaliman\u0131nda bulunan kahramanlar\u0131m\u0131z\u0131n komutan\u0131 T\u00fcmgeneral Munzur Zammam ve ter\u00f6r \u00e7emberini yok eden kahramanlar\u0131m\u0131z\u0131n komutan\u0131 Albay S\u00fcheyl el Hasan ile telefon g\u00f6r\u00fc\u015fmesinde bulundu.<\/p>\n<p>El Esad havaliman\u0131 komutan\u0131 T\u00fcmgeneral Zammam\u2019a; havaliman\u0131n\u0131 savunan ordu birliklerimizin ter\u00f6re kar\u015f\u0131 m\u00fccadele, kahramanl\u0131k ve yi\u011fitlikte bir model te\u015fkil ettiklerini ifade ederken Suriye ordusunun kahramanl\u0131k tarihinde onur destanlar\u0131 yazd\u0131klar\u0131n\u0131 belirtti.<\/p>\n<p>S\u00f6zlerine devam eden el Esad; \u201cter\u00f6r \u00e7emberi i\u00e7inde y\u0131llarca m\u00fccadele etmeniz Suriye ordusuna ve silah arkada\u015flar\u0131n\u0131za g\u00fcveninizin en iyi kan\u0131t\u0131d\u0131r. Zafere ve ter\u00f6r \u00e7emberinin er yada ge\u00e7 yok edilece\u011fine inanc\u0131n\u0131z\u0131n bir ifadesidir.\u201d Dedi.<\/p>\n<p>Tekfirci ter\u00f6ristlerin havaliman\u0131na \u00e7emberini bertaraf eden ordu birliklerimizin komutan\u0131 Albay el Hasan ile telefon g\u00f6r\u00fc\u015fmesinde ise el Esad; siz ve sizlerle birlikte bulunan askerlerin g\u00fc\u00e7leri, cesaretleri ve \u00f6zverileri Suriye ordusunun vatan topraklar\u0131n\u0131n her kar\u0131\u015f\u0131n\u0131 savunma kararl\u0131l\u0131\u011f\u0131 ve ideolojisinin g\u00fc\u00e7l\u00fc bir kan\u0131t\u0131d\u0131r. \u00d6zveri ve fedakarl\u0131kta adeta bir model olu\u015fturdunuz..\u201d ifadesini kulland\u0131.<\/p>\n<p>Havaliman\u0131nda y\u0131llar s\u00fcren m\u00fccadele ve ter\u00f6r \u00e7emberini k\u0131ran askerlerimizin yan\u0131 s\u0131ra Suriye ordusunda bulunan her askeri sevgi ve takdirle selamlayan Cumhurba\u015fkan\u0131 el Esad; \u201csizler bizim karde\u015flerimiz, a\u011fabeylerimiz ve \u00e7ocuklar\u0131m\u0131zs\u0131n\u0131z.. selametiniz de temel \u00f6nceli\u011fimizdir..\u201d dedi.<\/p>\n<p>Silah arkada\u015flar\u0131n\u0131, vatanlar\u0131n\u0131 ve ailelerini savunma yolunda \u015fehit d\u00fc\u015fenleri sayg\u0131 ve takdirle anan el Esad, yaralanan kahramanlar\u0131m\u0131za da acil \u015fifalar temennilerinde bulundu.<\/p>\n","protected":false},"excerpt":{"rendered":"<p>\u015eAM \u2013 Ordu birliklerimizin Halep k\u0131rsal\u0131n\u0131n do\u011fusu Kveyris Havaliman\u0131na 3 y\u0131ldan fazla s\u00fcredir uygulanan ter\u00f6r \u00e7emberinin yok edilmesi ard\u0131ndan havaliman\u0131nda bulunan kahramanlar\u0131m\u0131z\u0131n komutan\u0131 T\u00fcmgeneral Munzur Zammam ve ter\u00f6r \u00e7emberini yok eden kahramanlar\u0131m\u0131z\u0131n komutan\u0131 Albay S\u00fcheyl el Hasan ile telefon g\u00f6r\u00fc\u015fmesinde bulundu. El Esad havaliman\u0131 komutan\u0131 T\u00fcmgeneral Zammam\u2019a; havaliman\u0131n\u0131 savunan ordu birliklerimizin ter\u00f6re kar\u015f\u0131 m\u00fccadele, kahramanl\u0131k &hellip;<\/p>\n","protected":false},"author":1,"featured_media":51952,"comment_status":"closed","ping_status":"closed","sticky":false,"template":"","format":"standard","meta":{"footnotes":""},"categories":[608,479,605,478],"tags":[17668],"class_list":["post-51949","post","type-post","status-publish","format-standard","has-post-thumbnail","","category-etkinlikler","category-haberler-yerel","category-sayin-cumhurbaskani","category-yerel","tag-el-esad-komutanlarla-telefonda-gorustu"],"_links":{"self":[{"href":"https:\/\/archive.sana.sy\/tr\/index.php?rest_route=\/wp\/v2\/posts\/51949","targetHints":{"allow":["GET"]}}],"collection":[{"href":"https:\/\/archive.sana.sy\/tr\/index.php?rest_route=\/wp\/v2\/posts"}],"about":[{"href":"https:\/\/archive.sana.sy\/tr\/index.php?rest_route=\/wp\/v2\/types\/post"}],"author":[{"embeddable":true,"href":"https:\/\/archive.sana.sy\/tr\/index.php?rest_route=\/wp\/v2\/users\/1"}],"replies":[{"embeddable":true,"href":"https:\/\/archive.sana.sy\/tr\/index.php?rest_route=%2Fwp%2Fv2%2Fcomments&post=51949"}],"version-history":[{"count":0,"href":"https:\/\/archive.sana.sy\/tr\/index.php?rest_route=\/wp\/v2\/posts\/51949\/revisions"}],"wp:featuredmedia":[{"embeddable":true,"href":"https:\/\/archive.sana.sy\/tr\/index.php?rest_route=\/wp\/v2\/media\/51952"}],"wp:attachment":[{"href":"https:\/\/archive.sana.sy\/tr\/index.php?rest_route=%2Fwp%2Fv2%2Fmedia&parent=51949"}],"wp:term":[{"taxonomy":"category","embeddable":true,"href":"https:\/\/archive.sana.sy\/tr\/index.php?rest_route=%2Fwp%2Fv2%2Fcategories&post=51949"},{"taxonomy":"post_tag","embeddable":true,"href":"https:\/\/archive.sana.sy\/tr\/index.php?rest_route=%2Fwp%2Fv2%2Ftags&post=51949"}],"curies":[{"name":"wp","href":"https:\/\/api.w.org\/{rel}","templated":true}]}}