{"id":51994,"date":"2015-11-11T14:30:19","date_gmt":"2015-11-11T12:30:19","guid":{"rendered":"http:\/\/www.sana.sy\/tr\/?p=51994"},"modified":"2015-11-11T14:30:19","modified_gmt":"2015-11-11T12:30:19","slug":"bilgi-kultur-ve-ahlak-altyapisini-pekistirme-forumu-basladi","status":"publish","type":"post","link":"https:\/\/archive.sana.sy\/tr\/?p=51994","title":{"rendered":"Bilgi, K\u00fclt\u00fcr ve Ahlak Altyap\u0131s\u0131n\u0131 Peki\u015ftirme Forumu Ba\u015flad\u0131"},"content":{"rendered":"<p>\u015eAM \u2013 K\u00fclt\u00fcr Bakanl\u0131\u011f\u0131 ve Bilimsel Ara\u015ft\u0131rma Y\u00fcksek Kurumunun Suriyeli vatanda\u015f\u0131n bilgi, k\u00fclt\u00fcr ve ahlak altyap\u0131s\u0131n\u0131 peki\u015ftirme amac\u0131yla organize ettikleri Diyalog Forumu bug\u00fcn \u015eam\u2019daki Ulusal Esad K\u00fct\u00fcphanesinde \u00e7al\u0131\u015fmalar\u0131na ba\u015flad\u0131.<\/p>\n<p>Kapsaml\u0131 yeniden yap\u0131lanma program\u0131na hizmet edecek pratik ve bilimsel \u00f6nerilerin haz\u0131rlanmas\u0131yla d\u00fc\u015f\u00fcnce ve deneyim payla\u015f\u0131m\u0131n\u0131 hedefleyen forumun ilk g\u00fcn\u00fcnde kimlik ve vatanda\u015fl\u0131k kavramlar\u0131n\u0131 peki\u015ftirme olanaklar\u0131n\u0131 tart\u0131\u015f\u0131yor. Bu ba\u011flamda k\u00fclt\u00fcr, e\u011fitim, \u00f6\u011fretim ve medyada hak ve hukuklar, g\u00f6rev ve sorumluluklar, vatana ba\u011fl\u0131l\u0131k gibi konular\u0131n yan\u0131 s\u0131ra Suriyeli vatanda\u015flar\u0131n k\u00fclt\u00fcrel ve dini altyap\u0131lar\u0131n\u0131n peki\u015ftirilmesindeki rollerine de dikkat \u00e7ekiliyor. Forum kat\u0131l\u0131mc\u0131lar\u0131 ayr\u0131ca anayasa ve kanunlara ba\u011fl\u0131l\u0131k, insan yap\u0131land\u0131rmas\u0131 ve e\u011fitimi, karakter geli\u015fimi ve sosyal k\u00fclt\u00fcr de\u011ferlerini peki\u015ftirme yollar\u0131n\u0131 da ele al\u0131yor.<\/p>\n","protected":false},"excerpt":{"rendered":"<p>\u015eAM \u2013 K\u00fclt\u00fcr Bakanl\u0131\u011f\u0131 ve Bilimsel Ara\u015ft\u0131rma Y\u00fcksek Kurumunun Suriyeli vatanda\u015f\u0131n bilgi, k\u00fclt\u00fcr ve ahlak altyap\u0131s\u0131n\u0131 peki\u015ftirme amac\u0131yla organize ettikleri Diyalog Forumu bug\u00fcn \u015eam\u2019daki Ulusal Esad K\u00fct\u00fcphanesinde \u00e7al\u0131\u015fmalar\u0131na ba\u015flad\u0131. Kapsaml\u0131 yeniden yap\u0131lanma program\u0131na hizmet edecek pratik ve bilimsel \u00f6nerilerin haz\u0131rlanmas\u0131yla d\u00fc\u015f\u00fcnce ve deneyim payla\u015f\u0131m\u0131n\u0131 hedefleyen forumun ilk g\u00fcn\u00fcnde kimlik ve vatanda\u015fl\u0131k kavramlar\u0131n\u0131 peki\u015ftirme olanaklar\u0131n\u0131 tart\u0131\u015f\u0131yor. &hellip;<\/p>\n","protected":false},"author":1,"featured_media":51996,"comment_status":"closed","ping_status":"closed","sticky":false,"template":"","format":"standard","meta":{"footnotes":""},"categories":[526,516,479,511,525,478],"tags":[17671,17672],"class_list":["post-51994","post","type-post","status-publish","format-standard","has-post-thumbnail","","category-haber-ve-raporlar","category-haberler-kultur-ve-sanat","category-haberler-yerel","category-kultur-ve-sanat","category-toplum","category-yerel","tag-bilgi","tag-kultur-ve-ahlak-altyapisini-pekistirme-forumu-basladi"],"_links":{"self":[{"href":"https:\/\/archive.sana.sy\/tr\/index.php?rest_route=\/wp\/v2\/posts\/51994","targetHints":{"allow":["GET"]}}],"collection":[{"href":"https:\/\/archive.sana.sy\/tr\/index.php?rest_route=\/wp\/v2\/posts"}],"about":[{"href":"https:\/\/archive.sana.sy\/tr\/index.php?rest_route=\/wp\/v2\/types\/post"}],"author":[{"embeddable":true,"href":"https:\/\/archive.sana.sy\/tr\/index.php?rest_route=\/wp\/v2\/users\/1"}],"replies":[{"embeddable":true,"href":"https:\/\/archive.sana.sy\/tr\/index.php?rest_route=%2Fwp%2Fv2%2Fcomments&post=51994"}],"version-history":[{"count":0,"href":"https:\/\/archive.sana.sy\/tr\/index.php?rest_route=\/wp\/v2\/posts\/51994\/revisions"}],"wp:featuredmedia":[{"embeddable":true,"href":"https:\/\/archive.sana.sy\/tr\/index.php?rest_route=\/wp\/v2\/media\/51996"}],"wp:attachment":[{"href":"https:\/\/archive.sana.sy\/tr\/index.php?rest_route=%2Fwp%2Fv2%2Fmedia&parent=51994"}],"wp:term":[{"taxonomy":"category","embeddable":true,"href":"https:\/\/archive.sana.sy\/tr\/index.php?rest_route=%2Fwp%2Fv2%2Fcategories&post=51994"},{"taxonomy":"post_tag","embeddable":true,"href":"https:\/\/archive.sana.sy\/tr\/index.php?rest_route=%2Fwp%2Fv2%2Ftags&post=51994"}],"curies":[{"name":"wp","href":"https:\/\/api.w.org\/{rel}","templated":true}]}}