{"id":52004,"date":"2015-11-11T13:51:34","date_gmt":"2015-11-11T11:51:34","guid":{"rendered":"http:\/\/www.sana.sy\/tr\/?p=52004"},"modified":"2015-11-11T15:04:13","modified_gmt":"2015-11-11T13:04:13","slug":"rusya-disisleri-bakani-sergey-lavrov-ve-iranli-mevkidasi-muhammed-cevat-zarif-suriyedeki-krizde-dis-aktorlerin-suriyeliler-arasindaki-diyalogun-sonuclarini-daha-onceden-kararlastirma-hakkina-sahip","status":"publish","type":"post","link":"https:\/\/archive.sana.sy\/tr\/?p=52004","title":{"rendered":"Rusya D\u0131\u015fi\u015fleri bakan\u0131 Sergey Lavrov ve \u0130ranl\u0131 mevkida\u015f\u0131 Muhammed Cevat Zarif; Suriye&#8217;deki krizde d\u0131\u015f akt\u00f6rlerin Suriyeliler aras\u0131ndaki diyalogun sonu\u00e7lar\u0131n\u0131 daha \u00f6nceden kararla\u015ft\u0131rma hakk\u0131na sahip olmad\u0131klar\u0131n\u0131 belirtti."},"content":{"rendered":"<p>Rusya D\u0131\u015fi\u015fleri bakan\u0131 Sergey Lavrov ve \u0130ranl\u0131 mevkida\u015f\u0131 Muhammed Cevat Zarif; Suriye&#8217;deki krizde d\u0131\u015f akt\u00f6rlerin Suriyeliler aras\u0131ndaki diyalogun sonu\u00e7lar\u0131n\u0131 daha \u00f6nceden kararla\u015ft\u0131rma hakk\u0131na sahip olmad\u0131klar\u0131n\u0131 belirtti.<\/p>\n","protected":false},"excerpt":{"rendered":"<p>Rusya D\u0131\u015fi\u015fleri bakan\u0131 Sergey Lavrov ve \u0130ranl\u0131 mevkida\u015f\u0131 Muhammed Cevat Zarif; Suriye&#8217;deki krizde d\u0131\u015f akt\u00f6rlerin Suriyeliler aras\u0131ndaki diyalogun sonu\u00e7lar\u0131n\u0131 daha \u00f6nceden kararla\u015ft\u0131rma hakk\u0131na sahip olmad\u0131klar\u0131n\u0131 belirtti.<\/p>\n","protected":false},"author":1,"featured_media":0,"comment_status":"closed","ping_status":"closed","sticky":false,"template":"","format":"standard","meta":{"footnotes":""},"categories":[1],"tags":[],"class_list":["post-52004","post","type-post","status-publish","format-standard","","category-news-not-sorted"],"_links":{"self":[{"href":"https:\/\/archive.sana.sy\/tr\/index.php?rest_route=\/wp\/v2\/posts\/52004","targetHints":{"allow":["GET"]}}],"collection":[{"href":"https:\/\/archive.sana.sy\/tr\/index.php?rest_route=\/wp\/v2\/posts"}],"about":[{"href":"https:\/\/archive.sana.sy\/tr\/index.php?rest_route=\/wp\/v2\/types\/post"}],"author":[{"embeddable":true,"href":"https:\/\/archive.sana.sy\/tr\/index.php?rest_route=\/wp\/v2\/users\/1"}],"replies":[{"embeddable":true,"href":"https:\/\/archive.sana.sy\/tr\/index.php?rest_route=%2Fwp%2Fv2%2Fcomments&post=52004"}],"version-history":[{"count":0,"href":"https:\/\/archive.sana.sy\/tr\/index.php?rest_route=\/wp\/v2\/posts\/52004\/revisions"}],"wp:attachment":[{"href":"https:\/\/archive.sana.sy\/tr\/index.php?rest_route=%2Fwp%2Fv2%2Fmedia&parent=52004"}],"wp:term":[{"taxonomy":"category","embeddable":true,"href":"https:\/\/archive.sana.sy\/tr\/index.php?rest_route=%2Fwp%2Fv2%2Fcategories&post=52004"},{"taxonomy":"post_tag","embeddable":true,"href":"https:\/\/archive.sana.sy\/tr\/index.php?rest_route=%2Fwp%2Fv2%2Ftags&post=52004"}],"curies":[{"name":"wp","href":"https:\/\/api.w.org\/{rel}","templated":true}]}}