{"id":52017,"date":"2015-11-11T15:37:55","date_gmt":"2015-11-11T13:37:55","guid":{"rendered":"http:\/\/www.sana.sy\/tr\/?p=52017"},"modified":"2015-11-11T17:30:46","modified_gmt":"2015-11-11T15:30:46","slug":"teroristler-yine-sivilleri-hedef-aldi-3","status":"publish","type":"post","link":"https:\/\/archive.sana.sy\/tr\/?p=52017","title":{"rendered":"Ter\u00f6ristler Yine Sivilleri Hedef Ald\u0131"},"content":{"rendered":"<p>\u0130LLER \u2013 \u015eam \u00c7evre Kent Emniyet M\u00fcd\u00fcrl\u00fc\u011f\u00fcnde bir kaynak Suudi Arabistan rejiminin destek ve komutas\u0131nda faaliyet g\u00f6steren \u2018\u0130slam Ordusu\u2019 tekfircilerinin bug\u00fcn \u015eam k\u0131rsal\u0131n\u0131n Vafidin Kamp\u0131 B\u00f6lgesine 2 havan roketiyle sald\u0131rd\u0131klar\u0131n\u0131 s\u00f6yledi.<\/p>\n<p>Kaynak roketlerin b\u00f6lgede bulunan Askeri \u0130skan Kurumuna d\u00fc\u015ft\u00fc\u011f\u00fcn\u00fc ifade belirtirken, gaddar sald\u0131r\u0131 sonucunda 1 ki\u015finin \u015fehit, 9 ki\u015finin de yaral\u0131 d\u00fc\u015ft\u00fcklerini aktard\u0131.<\/p>\n<p>\u015eam\u2019\u0131n kuzeyine d\u00fc\u015fen s\u00f6z konusu b\u00f6lge \u2018\u0130slam Ordusu\u2019 tekfircilerinin ana karargah\u0131 Duma ve Reyhan \u00c7iftlikleri yak\u0131nlar\u0131na d\u00fc\u015f\u00fcyor.<\/p>\n<p><span style=\"color: #0000ff\">HALEP:<\/span><\/p>\n<p>\u00d6te yandan Halep Emniyet M\u00fcd\u00fcrl\u00fc\u011f\u00fcnde bir kaynak; katil Erdo\u011fan rejimine ba\u011fl\u0131 ter\u00f6ristlerin f\u0131rlatt\u0131\u011f\u0131 havan f\u00fczelerinin Halep kentinin E\u015frefiye Semtine d\u00fc\u015fmeleri sonucunda aralar\u0131nda bir \u00e7ocu\u011fun bulundu\u011fu 5 vatanda\u015f\u0131n \u015fehit; 20 vatanda\u015f\u0131n da yaral\u0131 d\u00fc\u015ft\u00fc\u011f\u00fcn\u00fc ifade etti.<\/p>\n","protected":false},"excerpt":{"rendered":"<p>\u0130LLER \u2013 \u015eam \u00c7evre Kent Emniyet M\u00fcd\u00fcrl\u00fc\u011f\u00fcnde bir kaynak Suudi Arabistan rejiminin destek ve komutas\u0131nda faaliyet g\u00f6steren \u2018\u0130slam Ordusu\u2019 tekfircilerinin bug\u00fcn \u015eam k\u0131rsal\u0131n\u0131n Vafidin Kamp\u0131 B\u00f6lgesine 2 havan roketiyle sald\u0131rd\u0131klar\u0131n\u0131 s\u00f6yledi. Kaynak roketlerin b\u00f6lgede bulunan Askeri \u0130skan Kurumuna d\u00fc\u015ft\u00fc\u011f\u00fcn\u00fc ifade belirtirken, gaddar sald\u0131r\u0131 sonucunda 1 ki\u015finin \u015fehit, 9 ki\u015finin de yaral\u0131 d\u00fc\u015ft\u00fcklerini aktard\u0131. \u015eam\u2019\u0131n kuzeyine &hellip;<\/p>\n","protected":false},"author":1,"featured_media":52020,"comment_status":"closed","ping_status":"closed","sticky":false,"template":"","format":"standard","meta":{"footnotes":""},"categories":[479,575,478],"tags":[1599],"class_list":["post-52017","post","type-post","status-publish","format-standard","has-post-thumbnail","","category-haberler-yerel","category-olaylar-ve-gercekler","category-yerel","tag-teroristler-yine-sivilleri-hedef-aldi"],"_links":{"self":[{"href":"https:\/\/archive.sana.sy\/tr\/index.php?rest_route=\/wp\/v2\/posts\/52017","targetHints":{"allow":["GET"]}}],"collection":[{"href":"https:\/\/archive.sana.sy\/tr\/index.php?rest_route=\/wp\/v2\/posts"}],"about":[{"href":"https:\/\/archive.sana.sy\/tr\/index.php?rest_route=\/wp\/v2\/types\/post"}],"author":[{"embeddable":true,"href":"https:\/\/archive.sana.sy\/tr\/index.php?rest_route=\/wp\/v2\/users\/1"}],"replies":[{"embeddable":true,"href":"https:\/\/archive.sana.sy\/tr\/index.php?rest_route=%2Fwp%2Fv2%2Fcomments&post=52017"}],"version-history":[{"count":0,"href":"https:\/\/archive.sana.sy\/tr\/index.php?rest_route=\/wp\/v2\/posts\/52017\/revisions"}],"wp:featuredmedia":[{"embeddable":true,"href":"https:\/\/archive.sana.sy\/tr\/index.php?rest_route=\/wp\/v2\/media\/52020"}],"wp:attachment":[{"href":"https:\/\/archive.sana.sy\/tr\/index.php?rest_route=%2Fwp%2Fv2%2Fmedia&parent=52017"}],"wp:term":[{"taxonomy":"category","embeddable":true,"href":"https:\/\/archive.sana.sy\/tr\/index.php?rest_route=%2Fwp%2Fv2%2Fcategories&post=52017"},{"taxonomy":"post_tag","embeddable":true,"href":"https:\/\/archive.sana.sy\/tr\/index.php?rest_route=%2Fwp%2Fv2%2Ftags&post=52017"}],"curies":[{"name":"wp","href":"https:\/\/api.w.org\/{rel}","templated":true}]}}