{"id":52028,"date":"2015-11-11T15:53:51","date_gmt":"2015-11-11T13:53:51","guid":{"rendered":"http:\/\/www.sana.sy\/tr\/?p=52028"},"modified":"2015-11-11T15:56:45","modified_gmt":"2015-11-11T13:56:45","slug":"6-bin-avrupali-terorist-var","status":"publish","type":"post","link":"https:\/\/archive.sana.sy\/tr\/?p=52028","title":{"rendered":"6 Bin Avrupal\u0131 Ter\u00f6rist Var"},"content":{"rendered":"<p>MOSKOVA \u2013 Avrupa kurulu genel sekreterli\u011finde insan haklar\u0131 ve kanun \u00fcst\u00fcnl\u00fc\u011f\u00fc i\u015fleri genel m\u00fcd\u00fcr\u00fc Philip Bwaya 6 binden fazla Avrupal\u0131n\u0131n Ortado\u011fu\u2019da I\u015e\u0130D ve di\u011fer \u00f6rg\u00fctlerin saflar\u0131nda ter\u00f6r eylemlerinde bulunduklar\u0131n\u0131 ortaya \u00e7\u0131kard\u0131.<\/p>\n<p>Rusya&#8217;n\u0131n So\u00e7i \u015eehrinde d\u00fczenlenen Uluslararas\u0131 Savc\u0131lar Konferans\u0131nda yapt\u0131\u011f\u0131 ve Rus Tass Ajans\u0131n\u0131n aktard\u0131\u011f\u0131 konu\u015fmas\u0131nda Bwaya; d\u00fcnyan\u0131n 100\u2019den fazla devletinden yakla\u015f\u0131k 25 bin ki\u015finin Ortado\u011fu B\u00f6lgesinde ter\u00f6r saflar\u0131nda yer ald\u0131klar\u0131n\u0131 s\u00f6yledi. Bwaya bunlar\u0131n 6 bininin Avrupal\u0131 olduklar\u0131na dikkat \u00e7ekerken kiral\u0131k yabanc\u0131lar\u0131n krizlerin t\u0131rmanmas\u0131 ve \u00e7\u00f6z\u00fcm\u00fcn\u00fcn gecikmesine yol a\u00e7t\u0131klar\u0131n\u0131 s\u00f6zlerine ekledi.<\/p>\n<p>Yabanc\u0131 ter\u00f6ristlerin \u00fclkelerine d\u00f6nmeleri ard\u0131ndan te\u015fkil edebilecekleri tehlikeye kar\u015f\u0131 uyaran Bwaya; bu tehlikenin \u00f6n\u00fcne ge\u00e7ilmesi i\u00e7in erken \u00f6nleyici icraatlar al\u0131nmas\u0131 \u00f6nemine i\u015faret etti.<\/p>\n","protected":false},"excerpt":{"rendered":"<p>MOSKOVA \u2013 Avrupa kurulu genel sekreterli\u011finde insan haklar\u0131 ve kanun \u00fcst\u00fcnl\u00fc\u011f\u00fc i\u015fleri genel m\u00fcd\u00fcr\u00fc Philip Bwaya 6 binden fazla Avrupal\u0131n\u0131n Ortado\u011fu\u2019da I\u015e\u0130D ve di\u011fer \u00f6rg\u00fctlerin saflar\u0131nda ter\u00f6r eylemlerinde bulunduklar\u0131n\u0131 ortaya \u00e7\u0131kard\u0131. Rusya&#8217;n\u0131n So\u00e7i \u015eehrinde d\u00fczenlenen Uluslararas\u0131 Savc\u0131lar Konferans\u0131nda yapt\u0131\u011f\u0131 ve Rus Tass Ajans\u0131n\u0131n aktard\u0131\u011f\u0131 konu\u015fmas\u0131nda Bwaya; d\u00fcnyan\u0131n 100\u2019den fazla devletinden yakla\u015f\u0131k 25 bin ki\u015finin Ortado\u011fu &hellip;<\/p>\n","protected":false},"author":1,"featured_media":52029,"comment_status":"closed","ping_status":"closed","sticky":false,"template":"","format":"standard","meta":{"footnotes":""},"categories":[458,459,447],"tags":[17675],"class_list":["post-52028","post","type-post","status-publish","format-standard","has-post-thumbnail","","category-dunya1","category-haberler-arap-uluslararasi-politika","category-politika","tag-6-bin-avrupali-terorist-var"],"_links":{"self":[{"href":"https:\/\/archive.sana.sy\/tr\/index.php?rest_route=\/wp\/v2\/posts\/52028","targetHints":{"allow":["GET"]}}],"collection":[{"href":"https:\/\/archive.sana.sy\/tr\/index.php?rest_route=\/wp\/v2\/posts"}],"about":[{"href":"https:\/\/archive.sana.sy\/tr\/index.php?rest_route=\/wp\/v2\/types\/post"}],"author":[{"embeddable":true,"href":"https:\/\/archive.sana.sy\/tr\/index.php?rest_route=\/wp\/v2\/users\/1"}],"replies":[{"embeddable":true,"href":"https:\/\/archive.sana.sy\/tr\/index.php?rest_route=%2Fwp%2Fv2%2Fcomments&post=52028"}],"version-history":[{"count":0,"href":"https:\/\/archive.sana.sy\/tr\/index.php?rest_route=\/wp\/v2\/posts\/52028\/revisions"}],"wp:featuredmedia":[{"embeddable":true,"href":"https:\/\/archive.sana.sy\/tr\/index.php?rest_route=\/wp\/v2\/media\/52029"}],"wp:attachment":[{"href":"https:\/\/archive.sana.sy\/tr\/index.php?rest_route=%2Fwp%2Fv2%2Fmedia&parent=52028"}],"wp:term":[{"taxonomy":"category","embeddable":true,"href":"https:\/\/archive.sana.sy\/tr\/index.php?rest_route=%2Fwp%2Fv2%2Fcategories&post=52028"},{"taxonomy":"post_tag","embeddable":true,"href":"https:\/\/archive.sana.sy\/tr\/index.php?rest_route=%2Fwp%2Fv2%2Ftags&post=52028"}],"curies":[{"name":"wp","href":"https:\/\/api.w.org\/{rel}","templated":true}]}}